{"id":1324,"date":"2024-10-17T08:02:00","date_gmt":"2024-10-17T06:02:00","guid":{"rendered":"https:\/\/unitreorvieto.it\/?p=1324"},"modified":"2024-11-11T08:58:01","modified_gmt":"2024-11-11T06:58:01","slug":"torna-allunitre-la-fisica-del-prof-danilo-giulietti","status":"publish","type":"post","link":"https:\/\/unitreorvieto.it\/?p=1324","title":{"rendered":"TORNA ALL\u2019UNITRE LA FISICA DEL PROF. DANILO GIULIETTI"},"content":{"rendered":"\n<div class=\"wp-block-buttons is-content-justification-center is-layout-flex wp-container-core-buttons-is-layout-16018d1d wp-block-buttons-is-layout-flex\">\n<div class=\"wp-block-button is-style-fill\"><a class=\"wp-block-button__link has-white-color has-text-color has-background has-link-color has-text-align-center wp-element-button\" href=\"https:\/\/unitreorvieto.it\/?page_id=1412\" style=\"background-color:#019154\" target=\"_blank\" rel=\"noreferrer noopener\">LE DISPENSE DEL CORSO<\/a><\/div>\n<\/div>\n\n\n<p>In conclusione del mese di Ottobre, il calendario <strong>UNITRE &#8211; Universit\u00e0 delle Tre Et\u00e0 di Orvieto <\/strong>presenta per i propri soci, attesissimo, il corso: <strong>\u201cFISICA, comprendere il mondo in cui viviamo\u201d<\/strong>. Torna quindi l\u2019apprezzatissimo Prof. <strong>Danilo Giulietti<\/strong> (Dipartimento di Fisica dell\u2019<strong>Universit\u00e0 di Pisa<\/strong>) con un <strong>secondo ciclo di lezioni<\/strong> che si preannunciano imperdibili.<\/p>\n<p><em>\u201cIl successo caloroso dello scorso anno\u201d<\/em>, commenta il presidente Unitre M\u00b0 <strong>Riccardo Cambri<\/strong>, <em>\u201caveva stupito tanti osservatori ma non me. La levatura del Prof. Giulietti e il livello di interesse scientifico-culturale proprio degli associati Unitre deponevano a favore di un riscontro brillante per un percorso a cui il docente aveva saputo dare un taglio divulgativo affatto semplicistico. Credo proprio che i nuovi argomenti terranno desta l\u2019attenzione di quanti vorranno partecipare. Ringrazio particolarmente la Fondazione Centro Studi Citt\u00e0 di Orvieto per la gentilissima ospitalit\u00e0\u201d<\/em>.<\/p>\n<p>Composto di due conversazioni, il corso si svolger\u00e0 presso l\u2019<strong>Aula del Dialogo <\/strong>di Palazzo Negroni (ex Tribunale di Orvieto in Piazza Corsica) e <strong>sar\u00e0 riservato a non pi\u00f9 di 60 associati<\/strong>. Per prenotazioni ed iscrizioni: <strong>3387323884<\/strong> (cell) oppure <strong>uni3-orvieto@alice.it<\/strong> (email).<\/p>\n<p>Programma<\/p>\n<p><strong>FISICA, comprendere il mondo in cui viviamo 2<\/strong><\/p>\n<p>a cura del Prof. <strong>DANILO GIULIETTI<\/strong>, Dipartimento di Fisica, Universit\u00e0 di Pisa<\/p>\n<p><em>La Fisica, supportata dalla Matematica, ci consente di comprendere i meccanismi che regolano la Natura, ma anche di verificare l&#8217;attendibilit\u00e0 delle informazioni che ci bombardano incessantemente. <\/em><\/p>\n<p><strong>Mercoled\u00ec 30 Ottobre 2024 <\/strong>ore <strong>16<\/strong>, prima conversazione<\/p>\n<p><strong>MISURARE LE DIMENSIONI DEI CORPI E LE DISTANZE: DAL PICCOLISSIMO AL GRANDISSIMO<\/strong><\/p>\n<p><em>Le tecniche utilizzate per misurare le dimensioni dei corpi e le distanze sono molteplici e sembrano mostrare dei limiti quando ci si avventura nel \u201cgrandissimo\u201d, come nel \u201cpiccolissimo\u201d.<\/em><\/p>\n<p><strong>Mercoled\u00ec 13 Novembre 2024 <\/strong>ore <strong>16<\/strong>, seconda conversazione<\/p>\n<p><strong>CONDIZIONATORE O VENTILATORE? DUE O TRE COSE DA SAPERE SULLA TRASMISSIONE DEL CALORE<\/strong><\/p>\n<p><em>Come affrontare consapevolmente il problema di riscaldare o raffreddare le nostre abitazioni.<\/em><\/p>\n<p><strong>Danilo Giulietti<\/strong> si \u00e8 laureato (cum laude) presso il Dipartimento di Fisica dell&#8217;Universit\u00e0 di Pisa nel 1973. Successivamente (1979) ha conseguito il Dottorato di Ricerca in Fisica presso la Scuola Normale Superiore. Il suo impegno scientifico nel campo della Struttura della Materia si \u00e8 sviluppato in diversi ambiti, ma principalmente in quello dell&#8217;interazione laser-materia ad alta intensit\u00e0. Per la sua attivit\u00e0 nel campo dell&#8217;accelerazione delle particelle nei plasmi \u00e8 associato all&#8217;Istituto Nazionale di Fisica Nucleare (INFN). E&#8217; stato Rappresentante Nazionale del Progetto Strategico dell&#8217;INFN PLASMONX (accelerazione di particelle nei plasmi e produzione di radiazione X monocromatica ed accordabile) grazie alla quale l&#8217;Italia si \u00e8 dotata presso i Laboratori Nazionali di Frascati del pi\u00f9 potente laser impulsato (6J in 20fs, 300TW @10Hz)\u00a0 per studi di nuove tecniche di accelerazione. E&#8217; stato Rappresentante Nazionale per l&#8217;INFN dei Progetti Europei ELI (Extreme Light Infrastructure) e HiPER (High Power laser Energy Research facility). Prima come ricercatore, poi anche come docente di Ottica Quantistica e Plasmi ha formato e coinvolto generazioni di studenti in questo specifico campo. Collabora con il Centro di Ricerche ENEA di Frascati in attivit\u00e0 concernenti la Fusione Termonucleare Controllata. Danilo Giulietti \u00e8 autore di oltre 200 pubblicazioni su riviste internazionali e 300 comunicazioni a congressi nazionali ed internazionali, molte delle quali su invito.<\/p>","protected":false},"excerpt":{"rendered":"<p>Universit\u00e0 delle Tre Et\u00e0 di Orvieto presenta per i propri soci il corso: \u201cFISICA, comprendere il mondo in cui viviamo\u201d. Torna quindi l\u2019apprezzatissimo Prof. Danilo Giulietti (Dipartimento di Fisica dell\u2019Universit\u00e0 di Pisa) con un secondo ciclo di lezioni che si preannunciano imperdibili.<\/p>\n","protected":false},"author":5,"featured_media":1325,"comment_status":"closed","ping_status":"closed","sticky":false,"template":"","format":"standard","meta":{"om_disable_all_campaigns":false,"_monsterinsights_skip_tracking":false,"_monsterinsights_sitenote_active":false,"_monsterinsights_sitenote_note":"","_monsterinsights_sitenote_category":0,"footnotes":""},"categories":[4],"tags":[],"class_list":["post-1324","post","type-post","status-publish","format-standard","has-post-thumbnail","hentry","category-eventi-e-conferenze"],"aioseo_notices":[],"_links":{"self":[{"href":"https:\/\/unitreorvieto.it\/index.php?rest_route=\/wp\/v2\/posts\/1324","targetHints":{"allow":["GET"]}}],"collection":[{"href":"https:\/\/unitreorvieto.it\/index.php?rest_route=\/wp\/v2\/posts"}],"about":[{"href":"https:\/\/unitreorvieto.it\/index.php?rest_route=\/wp\/v2\/types\/post"}],"author":[{"embeddable":true,"href":"https:\/\/unitreorvieto.it\/index.php?rest_route=\/wp\/v2\/users\/5"}],"replies":[{"embeddable":true,"href":"https:\/\/unitreorvieto.it\/index.php?rest_route=%2Fwp%2Fv2%2Fcomments&post=1324"}],"version-history":[{"count":4,"href":"https:\/\/unitreorvieto.it\/index.php?rest_route=\/wp\/v2\/posts\/1324\/revisions"}],"predecessor-version":[{"id":1491,"href":"https:\/\/unitreorvieto.it\/index.php?rest_route=\/wp\/v2\/posts\/1324\/revisions\/1491"}],"wp:featuredmedia":[{"embeddable":true,"href":"https:\/\/unitreorvieto.it\/index.php?rest_route=\/wp\/v2\/media\/1325"}],"wp:attachment":[{"href":"https:\/\/unitreorvieto.it\/index.php?rest_route=%2Fwp%2Fv2%2Fmedia&parent=1324"}],"wp:term":[{"taxonomy":"category","embeddable":true,"href":"https:\/\/unitreorvieto.it\/index.php?rest_route=%2Fwp%2Fv2%2Fcategories&post=1324"},{"taxonomy":"post_tag","embeddable":true,"href":"https:\/\/unitreorvieto.it\/index.php?rest_route=%2Fwp%2Fv2%2Ftags&post=1324"}],"curies":[{"name":"wp","href":"https:\/\/api.w.org\/{rel}","templated":true}]}}