{"id":1354,"date":"2024-10-20T08:06:00","date_gmt":"2024-10-20T06:06:00","guid":{"rendered":"https:\/\/unitreorvieto.it\/?p=1354"},"modified":"2024-11-04T08:06:19","modified_gmt":"2024-11-04T06:06:19","slug":"meraviglie-del-mondo-antico","status":"publish","type":"post","link":"https:\/\/unitreorvieto.it\/?p=1354","title":{"rendered":"MERAVIGLIE DEL MONDO ANTICO"},"content":{"rendered":"\n<h4 class=\"wp-block-heading\">ALL\u2019UNITRE TRE CONVERSAZIONI DI RAFFAELE DAVANZO<\/h4>\n\n\n<p class=\"p1\">L\u2019<b>UNITRE &#8211; Universit\u00e0 delle Tre Et\u00e0 di Orvieto <\/b>propone, in avvio del mese di <b>Novembre 2024<\/b>, l\u2019interessante percorso culturale <b>\u201cMeraviglie del Mondo Antico. Conversazioni Visionarie sul Genio e il Coraggio dell\u2019Uomo\u201d<\/b>: autore e relatore l\u2019Arch. <b>Raffaele Davanzo<\/b>.<\/p>\n<p class=\"p1\">\u201cMeraviglie del Mondo Antico\u201d, che esord\u00ec nello scorso mese di febbraio per essere interrotto a causa di una improvvisa indisponibilit\u00e0 fisica di Davanzo, si articoler\u00e0 in tre tappe che avranno luogo presso l\u2019<b>Aula del Dialogo<\/b> di <b>Palazzo Negroni<\/b> (piazza Corsica, ex Tribunale di Orvieto), grazie alla splendida disponibilit\u00e0 della <b>Fondazione Centro Studi Citt\u00e0 di Orvieto<\/b>. La partenza \u00e8 prevista per <b>Luned\u00ec 4 Novembre <\/b>2024<b> <\/b>alle <b>ore 16<\/b>.<\/p>\n<p class=\"p1\">Il corso \u00e8 riservato agli Associati Unitre; per informazioni ed iscrizioni: <b>3387323884<\/b> (cell) e <b>uni3-orvieto@alice.it<\/b> (email).<\/p>\n<p class=\"p1\"><i>\u201cHo avuto il privilegio di vedere in anteprima il materiale documentale preparato da Raffaele Davanzo per questa esclusiva esperienza culturale Unitre\u201d<\/i>, afferma in una nota il Presidente M\u00b0 <b>Riccardo Cambri<\/b>, <i>\u201ce ne sono rimasto meravigliato: \u00e8 proprio il caso di dirlo! Una ricerca accuratissima, colma di riferimenti storici, critici e filosofici, che non mancher\u00e0 di sorprenderci ed entusiasmarci. Un grande dono ai soci Unitre, per il quale ringrazio di cuore, a nome dell\u2019intero Consiglio Direttivo, l\u2019Architetto Davanzo\u201d<\/i>.<\/p>\n<p class=\"p1\">Di seguito, programma e contenuti:<\/p>\n<p class=\"p1\"><b>MERAVIGLIE DEL MONDO ANTICO<\/b><\/p>\n<p class=\"p1\"><b>Conversazioni Visionarie sul Genio e il Coraggio dell\u2019Uomo<\/b><\/p>\n<p class=\"p1\"><i>a cura dell\u2019Architetto <\/i><b><i>RAFFAELE DAVANZO<\/i><\/b><\/p>\n<p class=\"p1\">Prima Conversazione<\/p>\n<p class=\"p1\"><b><i>Luned\u00ec 4 Novembre 2024, ore 16<\/i><\/b><\/p>\n<p class=\"p1\"><b>DA ERODOTO AD ANTIPATRO DI SIDONE: LA DEFINIZIONE DEL CATALOGO. LA REALT\u00c0 ARCHEOLOGICA DEI SITI<\/b><\/p>\n<p class=\"p1\">Seconda Conversazione<\/p>\n<p class=\"p1\"><b><i>Luned\u00ec 18 Novembre 2024, ore 16<\/i><\/b><\/p>\n<p class=\"p1\"><b>LA MITIZZAZIONE DELLE MERAVIGLIE NEL RINASCIMENTO<\/b><\/p>\n<p class=\"p1\">Terza Conversazione<\/p>\n<p class=\"p1\"><b><i>Luned\u00ec 2 Dicembre 2024, ore 16<\/i><\/b><\/p>\n<p class=\"p1\"><b>MERAVIGLIOSO, EMBLEMATICO, COLOSSALE: LE NEW ENTRY ANTICHE E MODERNE<\/b><\/p>\n<p class=\"p1\"><i>La fortuna iconografica e simbolica delle Meraviglie del Mondo, dall\u2019Antichit\u00e0 fin oltre al Rinascimento, nasce da alcune esperienze letterarie di et\u00e0 ellenistica: la prima \u00e8 sicuramente una poesia di Antipatro di Sidone (140 a.C.), mentre l&#8217;opera De septem orbis spectaculis, teoricamente precedente perch\u00e9 attribuita a Filone di Bisanzio, \u00e8 invece di uno sconosciuto retore della tarda antichit\u00e0. Le Sette Meraviglie si sono sempre offerte come archetipi, cio\u00e8 oggetti primi, ma riprese nel corso dei secoli estendendone le caratteristiche con l&#8217;assunzione di nuove forme, anche con numerose varianti alla lista. Quindi le possiamo considerare fondamentalmente come un modello speculativo che diventa utopia letteraria: e solo a partire dal Cinquecento la serie sub\u00ec un processo critico di approfondimento, con una ricostruzione oggettiva di stampo archeologico. Il primo a operare in tal senso fu Pirro Ligorio, che confront\u00f2 i racconti degli storici antichi nel suo libro sulle Antichit\u00e0, e inser\u00ec molte immagini provenienti dalle Meraviglie in suoi progetti, come in alcune fontane di Villa d&#8217;Este; alla sua ricostruzione letteraria si accompagnarono presto le prime rappresentazioni figurative, come la famosa serie di incisioni di Marteen van Heemskerck (1570), seguita dalle rese iconografiche di Martin De Vos, di Antonio Tempesta, di Franciscus van Aelst e infine di Pierre Valleran.<\/i><\/p>\n<p class=\"p1\"><i>Le Meraviglie del Mondo esprimevano fin dal loro comparire dei veri concetti di bellezza e ardimento, che volevano insieme celebrare le capacit\u00e0 costruttive umane, ed esprimere un\u2019idea di universalit\u00e0, esibendo cio\u00e8 i due non pi\u00f9 opposti caratteri della permanenza e del divenire. Grazie a ci\u00f2 sono state sempre presenti nell\u2019immaginario collettivo, pur essendo andate tutte distrutte nel tempo, eccetto la Grande Piramide. Interessante verificare come il Colosso di Rodi sia stata l&#8217;ultima Meraviglia a essere costruita, e la prima ad andare distrutta!<\/i><\/p>\n<p class=\"p1\"><i>Il corso si articoler\u00e0 in tre conversazioni: nella prima si esamineranno le Sette Meraviglie classiche, e ognuna sar\u00e0 descritta tramite i riferimenti letterari e mitologici relativi al periodo antico, curando anche le Storie connesse (come la regina Artemisia che beve le ceneri di suo marito Mausolo, da lei seppellito appunto nel Mausoleo di Alicarnasso: storia che tanti spunti ha dato agli artisti). Nella seconda conversazione invece si considereranno tutte le interpretazioni successive, dal Medioevo fino al periodo Barocco, e specialmente le ricostruzioni di grandi incisori ed architetti, comprese le citazioni in opere davvero realizzate. Infine nell&#8217;ultima lezione si dar\u00e0 spazio anche alla fantasia, enumerando altre Meraviglie dell&#8217;antichit\u00e0 citate da molti autori (che sembra in tutto raggiungessero il numero di 19!). E poi, a conclusione, un passaggio ai nostri giorni, col tentativo di enucleare Le Sette Meraviglie del mondo moderno, cio\u00e8 tutte quelle opere costruite dopo il periodo ellenistico: a cominciare dal Colosseo, fino alla statua del Redentore a Rio de Janeiro.<\/i><\/p>","protected":false},"excerpt":{"rendered":"<p>L\u2019UNITRE &#8211; Universit\u00e0 delle Tre Et\u00e0 di Orvieto propone l\u2019interessante percorso culturale \u201cMeraviglie del Mondo Antico. Conversazioni Visionarie sul Genio e il Coraggio dell\u2019Uomo\u201d: autore e relatore l\u2019Arch. Raffaele Davanzo.<\/p>\n","protected":false},"author":5,"featured_media":1355,"comment_status":"closed","ping_status":"closed","sticky":false,"template":"","format":"standard","meta":{"om_disable_all_campaigns":false,"_monsterinsights_skip_tracking":false,"_monsterinsights_sitenote_active":false,"_monsterinsights_sitenote_note":"","_monsterinsights_sitenote_category":0,"footnotes":""},"categories":[4],"tags":[],"class_list":["post-1354","post","type-post","status-publish","format-standard","has-post-thumbnail","hentry","category-eventi-e-conferenze"],"aioseo_notices":[],"_links":{"self":[{"href":"https:\/\/unitreorvieto.it\/index.php?rest_route=\/wp\/v2\/posts\/1354","targetHints":{"allow":["GET"]}}],"collection":[{"href":"https:\/\/unitreorvieto.it\/index.php?rest_route=\/wp\/v2\/posts"}],"about":[{"href":"https:\/\/unitreorvieto.it\/index.php?rest_route=\/wp\/v2\/types\/post"}],"author":[{"embeddable":true,"href":"https:\/\/unitreorvieto.it\/index.php?rest_route=\/wp\/v2\/users\/5"}],"replies":[{"embeddable":true,"href":"https:\/\/unitreorvieto.it\/index.php?rest_route=%2Fwp%2Fv2%2Fcomments&post=1354"}],"version-history":[{"count":1,"href":"https:\/\/unitreorvieto.it\/index.php?rest_route=\/wp\/v2\/posts\/1354\/revisions"}],"predecessor-version":[{"id":1357,"href":"https:\/\/unitreorvieto.it\/index.php?rest_route=\/wp\/v2\/posts\/1354\/revisions\/1357"}],"wp:featuredmedia":[{"embeddable":true,"href":"https:\/\/unitreorvieto.it\/index.php?rest_route=\/wp\/v2\/media\/1355"}],"wp:attachment":[{"href":"https:\/\/unitreorvieto.it\/index.php?rest_route=%2Fwp%2Fv2%2Fmedia&parent=1354"}],"wp:term":[{"taxonomy":"category","embeddable":true,"href":"https:\/\/unitreorvieto.it\/index.php?rest_route=%2Fwp%2Fv2%2Fcategories&post=1354"},{"taxonomy":"post_tag","embeddable":true,"href":"https:\/\/unitreorvieto.it\/index.php?rest_route=%2Fwp%2Fv2%2Ftags&post=1354"}],"curies":[{"name":"wp","href":"https:\/\/api.w.org\/{rel}","templated":true}]}}