{"id":3011,"date":"2025-10-01T17:07:17","date_gmt":"2025-10-01T16:07:17","guid":{"rendered":"https:\/\/unitreorvieto.it\/?p=3011"},"modified":"2025-10-01T17:07:21","modified_gmt":"2025-10-01T16:07:21","slug":"ottobre-2025-il-programma-unitre-per-il-primo-mese-del-nuovo-anno-accademico","status":"publish","type":"post","link":"https:\/\/unitreorvieto.it\/?p=3011","title":{"rendered":"OTTOBRE 2025: IL PROGRAMMA UNITRE PER IL PRIMO MESE DEL NUOVO ANNO ACCADEMICO"},"content":{"rendered":"\n<div class=\"wp-block-buttons is-content-justification-center is-layout-flex wp-container-core-buttons-is-layout-16018d1d wp-block-buttons-is-layout-flex\">\n<div class=\"wp-block-button is-style-fill\"><a class=\"wp-block-button__link has-white-color has-text-color has-background has-link-color has-text-align-center wp-element-button\" href=\"https:\/\/unitreorvieto.it\/wp-content\/uploads\/2025\/10\/Ottobre-2025-col-scaled.jpg\" style=\"background-color:#019154\" target=\"_blank\" rel=\"noreferrer noopener\">OTTOBRE 2025<\/a><\/div>\n<\/div>\n\n\n<p class=\"p1\">L\u2019<b>UNITRE di Orvieto <\/b>rende nota la programmazione di <b>Ottobre 2025<\/b>, il primo mese del 35\u00b0 Anno Accademico della propria vita sociale.<\/p>\n<p class=\"p1\">Da <b>Luned\u00ec 6 Ottobre<\/b> riprenderanno a pieno regime le attivit\u00e0 fisiche, proposte grazie alla consolidata collaborazione di <b>UISP Orvieto &#8211; Medio Tevere APS<\/b>: <b>RIEDUCAZIONE POSTURALE<\/b>, <b>ATTIVIT\u00c0 FISICA ADATTATA<\/b>, <b>YOGA POSTURALE<\/b>, <b>ATTIVIT\u00c0 IN ACQUA<\/b> e la novit\u00e0<b> ACQUA POSTURAL<\/b>.<\/p>\n<p class=\"p1\">A seguire, i corsi culturali che, tradizionalmente, suggellano la riapertura della sezione didattica dell\u2019Universit\u00e0 delle Tre Et\u00e0 di Orvieto: <b>SCAVI LETTERARI 3<\/b>, a cura dell\u2019Archeologo <b>Giuseppe M. Della Fina<\/b> che continuer\u00e0 il suo irresistibile viaggio nell\u2019antichit\u00e0 da Luned\u00ec <b>13 Ottobre<\/b> ore 17 (in totale 3 incontri a cadenza quindicinale presso il Museo \u201cEmilio Greco\u201d).<\/p>\n<p class=\"p1\"><b>Marted\u00ec 14 Ottobre<\/b> il Teatro del Carmine ospiter\u00e0 il M\u00b0 <b>Riccardo Cambri<\/b>, che torna al timone di un corso che negli anni \u00e8 diventato fra i pi\u00f9 amati e frequentati: <b>ASCOLTO MUSICALE<\/b> (da Ottobre 2025 a Maggio 2026, lezioni a cadenza quindicinale alternativamente fra Teatro del Carmine e Sala Eufonica della Nuova Biblioteca Pubblica \u201cLuigi Fumi\u201d).<\/p>\n<p class=\"p1\">Grande novit\u00e0 del palinsesto autunnale: il corso di <b>SIMBOLOGIA RELIGIOSA<\/b> curato dalla Professoressa <b>Maria Caterina Leonardi<\/b>, alla sua prima collaborazione con UNITRE; l\u2019incontro iniziale \u00e8 previsto per <b>Luned\u00ec 20 Ottobre<\/b> alle ore 17 presso il Museo \u201cEmilio Greco\u201d, i successivi due a cadenza quindicinale.<\/p>\n<p class=\"p1\">\u00c8 gi\u00e0 partito, e quindi in piena fase creativa, il gioioso Laboratorio <b>STORIELLANDO<\/b>, ideato dal Presidente Cambri e al suo quarto anno di vita; ne \u00e8 docente ed apprezzato curatore il Dott. <b>Alberto Romizi<\/b>, alla testa di una mini compagnia di entusiasti e giovanissimi interpreti: il lavoro finale sar\u00e0 rappresentato al Teatro del Carmine negli ultimi giorni del 2025.<\/p>\n<p class=\"p1\">Il corso di <b>SPAGNOLO<\/b> aprir\u00e0 anzitempo i battenti: la confermatissima Prof.ssa <b>Maria Cristina Villalonga<\/b> terr\u00e0 la prima lezione <b>Venerd\u00ec 24 Ottobre<\/b> alle ore 10 presso la sede UNITRE.<\/p>\n<p class=\"p1\">Il Laboratorio di <b>PATCHWORK<\/b>, condotto dalla Signora <b>Patrizia Menghi<\/b> e perennemente sugli scudi per la fattiva vitalit\u00e0, riunir\u00e0 le proprie appassionate ragazze <b>Mercoled\u00ec 29 Ottobre<\/b> alle ore 10 presso la sede di Palazzo Simoncelli.<\/p>\n<p class=\"p3\">Una pletora di eventi speciali arricchir\u00e0 il cartellone:<\/p>\n<p class=\"p3\"><span class=\"s1\"><b>GIOVED\u00cc 9 (ore 10)<\/b><\/span><b> <\/b>&#8211; Auditorium \u201cGioacchino Messina\u201d (Piazza Febei), Orvieto<br \/>\u201c<b>FRANCESCO D\u2019ASSISI <\/b>&#8211; Attualit\u00e0 di una altissima esperienza spirituale nel mondo contemporaneo\u201d #2025<br \/><b>Francesco, Pellegrino di Pace e di Speranza<br \/><\/b><i>Relatori: S.E. Mons. <\/i><b><i>Gualtiero Sigismondi <\/i><\/b><i>e Prof. <\/i><b><i>Franco Raimondo Barbabella<\/i><\/b><\/p>\n<p class=\"p3\"><span class=\"s1\"><b>GIOVED\u00cc 9 (ore 21:15)<\/b><\/span><b> <\/b>&#8211; Teatro Mancinelli, Orvieto<br \/>\u201c<b>COLLOQUIA &#8211; Come la musica salv\u00f2 Orvieto\u201d <\/b><i>(allestimento <\/i><b><i>Kamina Teatro<\/i><\/b><i>)<br \/><\/i><i>di <\/i><b><i>David Zarko<\/i><\/b><i>, con <\/i><b><i>Andrea Brugnera<\/i><\/b><i> e <\/i><b><i>Lorenzo Bartoli<br \/><\/i><\/b><i>Ingresso speciale per i soci UNITRE: <\/i><b><i>\u20ac12<\/i><\/b><i>; prenotazioni al <\/i><b><i>3387323884<\/i><\/b><i> (M\u00b0 Riccardo Cambri)<br \/><\/i><i><\/i><\/p>\n<p class=\"p3\"><i>In collaborazione con <\/i><b><i>Scuola Comunale di Musica \u201cAdriano Casasole\u201d<\/i><\/b><i> e <\/i><b><i>ISAO<br \/><\/i><\/b><span class=\"s1\"><b>DOMENICA 19<\/b><\/span><b> (ore 17) <\/b>&#8211; Ridotto del Teatro Mancinelli, Orvieto<br \/>Inaugurazione della Stagione Concertistica <b>\u201cINSIEME &#8211; Nel Segno della Musica\u201d<i> <\/i><\/b><i>(programma in via di definizione)<\/i><\/p>\n<p class=\"p3\"><span class=\"s1\"><b>MARTED\u00cc<span class=\"Apple-converted-space\">\u00a0 <\/span>21<\/b><\/span><b> (ore 11) <\/b>&#8211; Palazzo Comunale (Via Garibaldi), Orvieto<br \/>Tesori dell\u2019urbe <b>\u201cAFFRESCHI E DIPINTI DEL PALAZZO COMUNALE DI ORVIETO\u201d<br \/><\/b><b>Sala Consiliare e Sala Unit\u00e0 d\u2019Italia<\/b><i>Visita a cura dell\u2019Architetto <\/i><b><i>Raffaele Davanzo<\/i><\/b><i>; 35 posti disponibili, prenotazioni al <\/i><b><i>3387323884 <\/i><\/b><i>(M\u00b0 Riccardo Cambri)<\/i><\/p>\n<p class=\"p3\"><span class=\"s1\"><b>GIOVED\u00cc 23<\/b><\/span><b> (ore 10)<\/b> &#8211; Auditorium \u201cGioacchino Messina\u201d (Piazza Febei), Orvieto<br \/><b>\u201cIL MESSAGGIO UNIVERSALE DI SAN FRANCESCO E SAN DOMENICO IN DANTE\u201d<\/b><i> (Danted\u00ec 2025)<br \/><\/i><i>Con la partecipazione di <\/i><b><i>Fioralba Salani<\/i><\/b><i>, <\/i><b><i>Franco Raimondo Barbabella<\/i><\/b><i>, <\/i><b><i>Donato Catamo<\/i><\/b><i>, <\/i><b><i>Raffaele Davanzo <\/i><\/b><i>e <\/i><b><i>Alberto Romizi<br \/><\/i><\/b><i>Coordina <\/i><b><i>Riccardo Cambri<\/i><\/b><i>; saluto istituzionale <\/i><b><i>Roberta Tardani<\/i><\/b><i>, Sindaco di Orvieto<br \/><\/i><i><\/i><\/p>\n<p class=\"p3\"><i>In collaborazione con \u201cIl Filo di Eloisa\u201d e Nuova Biblioteca Pubblica \u201cLuigi Fumi\u201d<br \/><\/i><span class=\"s1\"><b>GIOVED\u00cc 30 (ore 17:30)<\/b><\/span> &#8211; Sala DigiPASS (Piazza Febei), Orvieto<br \/><b>\u201cLIBERT\u00c0 E MODERNIT\u00c0 DI JANE AUSTEN\u201d<br \/><\/b><b><i>Laura Ricci<\/i><\/b><i> dialoga con la studiosa <\/i><b><i>Liliana Rampello<\/i><\/b><i>, curatrice dei Meridiani Mondadori dedicati alla scrittrice e autrice del saggio \u201cSei romanzi perfetti. Su Jane Austen\u201d (Il Saggiatore, 2014)<\/i><\/p>\n<p class=\"p1\">La segreteria UNITRE &#8211; Universit\u00e0 delle Tre Et\u00e0 di Orvieto (presso Palazzo Simoncelli, in Piazza del Popolo 17) \u00e8 aperta nei giorni di Mercoled\u00ec e Gioved\u00ec, in orario 10:30-12. Contatti: sito web <b>www.unitreorvieto.it<\/b> &#8211; email <b>uni3-orvieto@alice.it<\/b> &#8211; tel <b>0763 342234<\/b> &#8211; cell <b>338 7323884<\/b>.<\/p>","protected":false},"excerpt":{"rendered":"<p>L\u2019UNITRE di Orvieto rende nota la programmazione di Ottobre 2025, il primo mese del 35\u00b0 Anno Accademico della propria vita sociale.<\/p>\n","protected":false},"author":5,"featured_media":987,"comment_status":"closed","ping_status":"closed","sticky":false,"template":"","format":"standard","meta":{"om_disable_all_campaigns":false,"_monsterinsights_skip_tracking":false,"_monsterinsights_sitenote_active":false,"_monsterinsights_sitenote_note":"","_monsterinsights_sitenote_category":0,"footnotes":""},"categories":[4],"tags":[],"class_list":["post-3011","post","type-post","status-publish","format-standard","has-post-thumbnail","hentry","category-eventi-e-conferenze"],"aioseo_notices":[],"_links":{"self":[{"href":"https:\/\/unitreorvieto.it\/index.php?rest_route=\/wp\/v2\/posts\/3011","targetHints":{"allow":["GET"]}}],"collection":[{"href":"https:\/\/unitreorvieto.it\/index.php?rest_route=\/wp\/v2\/posts"}],"about":[{"href":"https:\/\/unitreorvieto.it\/index.php?rest_route=\/wp\/v2\/types\/post"}],"author":[{"embeddable":true,"href":"https:\/\/unitreorvieto.it\/index.php?rest_route=\/wp\/v2\/users\/5"}],"replies":[{"embeddable":true,"href":"https:\/\/unitreorvieto.it\/index.php?rest_route=%2Fwp%2Fv2%2Fcomments&post=3011"}],"version-history":[{"count":2,"href":"https:\/\/unitreorvieto.it\/index.php?rest_route=\/wp\/v2\/posts\/3011\/revisions"}],"predecessor-version":[{"id":3014,"href":"https:\/\/unitreorvieto.it\/index.php?rest_route=\/wp\/v2\/posts\/3011\/revisions\/3014"}],"wp:featuredmedia":[{"embeddable":true,"href":"https:\/\/unitreorvieto.it\/index.php?rest_route=\/wp\/v2\/media\/987"}],"wp:attachment":[{"href":"https:\/\/unitreorvieto.it\/index.php?rest_route=%2Fwp%2Fv2%2Fmedia&parent=3011"}],"wp:term":[{"taxonomy":"category","embeddable":true,"href":"https:\/\/unitreorvieto.it\/index.php?rest_route=%2Fwp%2Fv2%2Fcategories&post=3011"},{"taxonomy":"post_tag","embeddable":true,"href":"https:\/\/unitreorvieto.it\/index.php?rest_route=%2Fwp%2Fv2%2Ftags&post=3011"}],"curies":[{"name":"wp","href":"https:\/\/api.w.org\/{rel}","templated":true}]}}