{"id":3025,"date":"2025-10-04T08:44:42","date_gmt":"2025-10-04T07:44:42","guid":{"rendered":"https:\/\/unitreorvieto.it\/?p=3025"},"modified":"2025-10-04T08:44:51","modified_gmt":"2025-10-04T07:44:51","slug":"francesco-pellegrino-di-pace-e-di-speranza","status":"publish","type":"post","link":"https:\/\/unitreorvieto.it\/?p=3025","title":{"rendered":"FRANCESCO, PELLEGRINO DI PACE E DI SPERANZA"},"content":{"rendered":"\n<h4 class=\"wp-block-heading\">S.E. SIGISMONDI E IL PROF. BARBABELLA PER LA PRIMA INIZIATIVA PUBBLICA DEL NUOVO ANNO ACCADEMICO UNITRE<\/h4>\n\n\n<p><img decoding=\"async\" title=\"\" src=\"https:\/\/unitreorvieto.ddev.site\/wp-content\/plugins\/elementor\/assets\/images\/placeholder.png\" alt=\"\" \/>L\u2019<b>Auditorium \u201cGioacchino Messina\u201d <\/b>di Orvieto, per gentile disponibilit\u00e0 della <b>Fondazione Cassa di Risparmio di Orvieto<\/b>, ospiter\u00e0 alle <b>ore 10<\/b> di <b>Gioved\u00ec 9 Ottobre<\/b> 2025 il terzo appuntamento previsto dal percorso culturale <b>\u201cFRANCESCO D\u2019ASSISI &#8211; Attualit\u00e0 di una altissima esperienza spirituale nel mondo contemporaneo\u201d<\/b>, che l\u2019<b>UNITRE &#8211; Universit\u00e0 delle Tre Et\u00e0 di Orvieto <\/b>(con il patrocinio del Comune di Orvieto e della Diocesi di Orvieto-Todi) ha programmato per il quadriennio 2023\/2026.<\/p>\n<p class=\"p1\">\u201c<b>Francesco, Pellegrino di Pace e di Speranza\u201d<\/b> \u00e8 il tema che verr\u00e0 declinato da Sua Eccellenza Mons. <b>Gualtiero Sigismondi<\/b> (Vescovo della Diocesi di Orvieto-Todi) e dal Prof. <b>Franco Raimondo Barbabella<\/b> (docente di Filosofia e Storia, scrittore e Dirigente Scolastico emerito).<\/p>\n<p class=\"p1\">Nelle precedenti edizioni il dialogo tra loro instaurato ha saputo toccare le corde della spiritualit\u00e0 e della riflessione pi\u00f9 profonde, sia negli spettatori che hanno gremito l\u2019Auditorium \u201cMessina\u201d in piazza Febei, sia nei tanti che le hanno successivamente visionate online sul canale YouTube Unitre Orvieto.<\/p>\n<p class=\"p1\"><i>\u201cIl progetto cultural-spirituale su Francesco aprir\u00e0 significativamente anche questo nuovo Anno Accademico UNITRE\u201d, <\/i>afferma il presidente M\u00b0 <b>Riccardo Cambri<\/b>, <i>\u201cnel quale raggiungeremo i 35 anni di attivit\u00e0. Coinvolgere tante generazioni a questo appuntamento (associati, cittadini, liceali e giovanissimi studenti) omaggia questa ricorrenza e conferma la nostra missione: quella di rivolgerci alle varie et\u00e0 della comunit\u00e0 locale, e non solo. \u00c8 mio dovere, nonch\u00e9 piacevole onore, ringraziare quanti consentiranno la realizzazione di \u00abFrancesco, Pellegrino di Pace e di Speranza\u00bb: le Dirigenti Scolastiche, i Docenti e gli studenti coinvolti; la Fondazione Cassa di Risparmio di Orvieto nella persona del Presidente Prof. Libero Mario Mari per la prestigiosa accoglienza; S.E. Mons. Gualtiero Sigismondi e il Prof. Franco Raimondo Barbabella per il loro dono, di cuore e meditazione\u201d<\/i>.<\/p>\n<p class=\"p1\">L\u2019ingresso sar\u00e0 libero; verranno resi disponibili posti per studenti e docenti previo contatto (cell: <b>3387323884<\/b> &#8211; email: <b>riccardocambri@tiscali.it<\/b>).<\/p>","protected":false},"excerpt":{"rendered":"<p>Gioved\u00ec 9 ottobre 2025 alle ore 10, l\u2019Auditorium \u201cGioacchino Messina\u201d di Orvieto ospiter\u00e0 l\u2019incontro \u201cFrancesco, Pellegrino di Pace e di Speranza\u201d, promosso da UNITRE Orvieto. Interverranno Mons. Gualtiero Sigismondi e il Prof. Franco Raimondo Barbabella, nell\u2019ambito del ciclo dedicato all\u2019attualit\u00e0 del messaggio francescano.<\/p>\n","protected":false},"author":5,"featured_media":3026,"comment_status":"closed","ping_status":"closed","sticky":false,"template":"","format":"standard","meta":{"om_disable_all_campaigns":false,"_monsterinsights_skip_tracking":false,"_monsterinsights_sitenote_active":false,"_monsterinsights_sitenote_note":"","_monsterinsights_sitenote_category":0,"footnotes":""},"categories":[4],"tags":[],"class_list":["post-3025","post","type-post","status-publish","format-standard","has-post-thumbnail","hentry","category-eventi-e-conferenze"],"aioseo_notices":[],"_links":{"self":[{"href":"https:\/\/unitreorvieto.it\/index.php?rest_route=\/wp\/v2\/posts\/3025","targetHints":{"allow":["GET"]}}],"collection":[{"href":"https:\/\/unitreorvieto.it\/index.php?rest_route=\/wp\/v2\/posts"}],"about":[{"href":"https:\/\/unitreorvieto.it\/index.php?rest_route=\/wp\/v2\/types\/post"}],"author":[{"embeddable":true,"href":"https:\/\/unitreorvieto.it\/index.php?rest_route=\/wp\/v2\/users\/5"}],"replies":[{"embeddable":true,"href":"https:\/\/unitreorvieto.it\/index.php?rest_route=%2Fwp%2Fv2%2Fcomments&post=3025"}],"version-history":[{"count":2,"href":"https:\/\/unitreorvieto.it\/index.php?rest_route=\/wp\/v2\/posts\/3025\/revisions"}],"predecessor-version":[{"id":3029,"href":"https:\/\/unitreorvieto.it\/index.php?rest_route=\/wp\/v2\/posts\/3025\/revisions\/3029"}],"wp:featuredmedia":[{"embeddable":true,"href":"https:\/\/unitreorvieto.it\/index.php?rest_route=\/wp\/v2\/media\/3026"}],"wp:attachment":[{"href":"https:\/\/unitreorvieto.it\/index.php?rest_route=%2Fwp%2Fv2%2Fmedia&parent=3025"}],"wp:term":[{"taxonomy":"category","embeddable":true,"href":"https:\/\/unitreorvieto.it\/index.php?rest_route=%2Fwp%2Fv2%2Fcategories&post=3025"},{"taxonomy":"post_tag","embeddable":true,"href":"https:\/\/unitreorvieto.it\/index.php?rest_route=%2Fwp%2Fv2%2Ftags&post=3025"}],"curies":[{"name":"wp","href":"https:\/\/api.w.org\/{rel}","templated":true}]}}