{"id":3039,"date":"2025-10-06T09:43:42","date_gmt":"2025-10-06T08:43:42","guid":{"rendered":"https:\/\/unitreorvieto.it\/?p=3039"},"modified":"2025-10-06T09:45:04","modified_gmt":"2025-10-06T08:45:04","slug":"buon-anno-accademico","status":"publish","type":"post","link":"https:\/\/unitreorvieto.it\/?p=3039","title":{"rendered":"BUON ANNO ACCADEMICO"},"content":{"rendered":"<p><img decoding=\"async\" title=\"\" src=\"https:\/\/unitreorvieto.ddev.site\/wp-content\/plugins\/elementor\/assets\/images\/placeholder.png\" alt=\"\" \/>Orvieto, 6 Ottobre 2025<\/p>\n<p>Buongiorno a tutte e a tutti!<br \/>\nQuello che ufficialmente principia oggi, oltre ad essere un meraviglioso impegno collettivo a favore della nostra comunit\u00e0, \u00e8 anche il 35\u00b0 Anno Accademico dell&#8217;UNITRE di Orvieto.<br \/>\nUna tappa che reca onore ed orgoglio a chi, ora, la anima e la rappresenta, e che ispira sentimenti di commossa gratitudine verso quanti, questa irripetibile esperienza civica sociale comunitaria ed artistica, l&#8217;hanno prima intuita, poi avviata, quindi custodita.<br \/>\nRenderemo omaggio alla nostra stessa Storia continuando &#8211; ognuno col proprio tratto e nel proprio ambito di competenza &#8211; ad alimentare il dispensatore di amore, fratellanza, dialogo e cultura che \u00e8 inequivocabilmente l&#8217;Universit\u00e0 delle Tre Et\u00e0 di Orvieto, la nostra UNITRE.<br \/>\nGrazie di cuore ad ognuno di Voi, buon Anno Accademico!<\/p>\n<p><strong>M\u00b0 RICCARDO CAMBRI<\/strong><br \/>\nPresidente UNITRE Orvieto<\/p>\n","protected":false},"excerpt":{"rendered":"<p>Oggi inizia ufficialmente il 35\u00b0 Anno Accademico dell\u2019UNITRE di Orvieto, un traguardo che onora chi l\u2019ha costruita e chi oggi la vive.<br \/>\nContinueremo insieme a coltivare dialogo, cultura e comunit\u00e0: buon Anno Accademico a tutte e tutti!<\/p>\n","protected":false},"author":5,"featured_media":987,"comment_status":"closed","ping_status":"closed","sticky":false,"template":"","format":"standard","meta":{"_monsterinsights_skip_tracking":false,"footnotes":""},"categories":[3],"tags":[],"class_list":["post-3039","post","type-post","status-publish","format-standard","has-post-thumbnail","hentry","category-avvisi-e-comunicazioni"],"_links":{"self":[{"href":"https:\/\/unitreorvieto.it\/index.php?rest_route=\/wp\/v2\/posts\/3039","targetHints":{"allow":["GET"]}}],"collection":[{"href":"https:\/\/unitreorvieto.it\/index.php?rest_route=\/wp\/v2\/posts"}],"about":[{"href":"https:\/\/unitreorvieto.it\/index.php?rest_route=\/wp\/v2\/types\/post"}],"author":[{"embeddable":true,"href":"https:\/\/unitreorvieto.it\/index.php?rest_route=\/wp\/v2\/users\/5"}],"replies":[{"embeddable":true,"href":"https:\/\/unitreorvieto.it\/index.php?rest_route=%2Fwp%2Fv2%2Fcomments&post=3039"}],"version-history":[{"count":2,"href":"https:\/\/unitreorvieto.it\/index.php?rest_route=\/wp\/v2\/posts\/3039\/revisions"}],"predecessor-version":[{"id":3041,"href":"https:\/\/unitreorvieto.it\/index.php?rest_route=\/wp\/v2\/posts\/3039\/revisions\/3041"}],"wp:featuredmedia":[{"embeddable":true,"href":"https:\/\/unitreorvieto.it\/index.php?rest_route=\/wp\/v2\/media\/987"}],"wp:attachment":[{"href":"https:\/\/unitreorvieto.it\/index.php?rest_route=%2Fwp%2Fv2%2Fmedia&parent=3039"}],"wp:term":[{"taxonomy":"category","embeddable":true,"href":"https:\/\/unitreorvieto.it\/index.php?rest_route=%2Fwp%2Fv2%2Fcategories&post=3039"},{"taxonomy":"post_tag","embeddable":true,"href":"https:\/\/unitreorvieto.it\/index.php?rest_route=%2Fwp%2Fv2%2Ftags&post=3039"}],"curies":[{"name":"wp","href":"https:\/\/api.w.org\/{rel}","templated":true}]}}