{"id":3076,"date":"2025-10-24T07:33:33","date_gmt":"2025-10-24T06:33:33","guid":{"rendered":"https:\/\/unitreorvieto.it\/?p=3076"},"modified":"2025-10-24T07:34:10","modified_gmt":"2025-10-24T06:34:10","slug":"rinviata-la-seconda-conferenza-del-corso-scavi-letterari-3","status":"publish","type":"post","link":"https:\/\/unitreorvieto.it\/?p=3076","title":{"rendered":"RINVIATA LA SECONDA CONFERENZA DEL CORSO &#8220;SCAVI LETTERARI 3&#8221;"},"content":{"rendered":"<p><img decoding=\"async\" title=\"\" src=\"https:\/\/unitreorvieto.ddev.site\/wp-content\/plugins\/elementor\/assets\/images\/placeholder.png\" alt=\"\" \/>L&#8217;incontro previsto per Luned\u00ec 27 Ottobre 2025 (corso <i>SCAVI LETTERARI 3<\/i> al Museo &#8220;Emilio Greco&#8221;) \u00e8 rinviato per imprevista indisponibilit\u00e0 del relatore Prof. Giuseppe M. Della Fina.<\/p>\n<p>Il prosieguo del corso sar\u00e0 cos\u00ec rimodulato:<\/p>\n<p><strong>Luned\u00ec 10 Novembre ore 17<br \/>\n<\/strong><i>secondo incontro<br \/>\n<\/i>SIMONE WEIL \u201cL\u2019Iliade o il poema della forza\u201d<\/p>\n<p><b>Luned\u00ec 24 Novembre ore 17<br \/>\n<\/b><i>terzo ed ultimo incontro<br \/>\n<\/i>ROBERT GRAVES \u201cIo, Claudio\u201d<\/p>\n<p><b>Saluti cordialissimi!<\/b><\/p>\n<p><b>M\u00b0 RICCARDO CAMBRI<br \/>\n<\/b><b><i>Presidente UNITRE Orvieto<\/i><\/b><\/p>\n","protected":false},"excerpt":{"rendered":"<p>L&#8217;incontro previsto per Luned\u00ec 27 Ottobre 2025 (corso SCAVI LETTERARI 3 al Museo &#8220;Emilio Greco&#8221;) \u00e8 rinviato per imprevista indisponibilit\u00e0 del relatore Prof. Giuseppe M. Della Fina.<\/p>\n","protected":false},"author":5,"featured_media":987,"comment_status":"closed","ping_status":"closed","sticky":false,"template":"","format":"standard","meta":{"om_disable_all_campaigns":false,"_monsterinsights_skip_tracking":false,"_monsterinsights_sitenote_active":false,"_monsterinsights_sitenote_note":"","_monsterinsights_sitenote_category":0,"footnotes":""},"categories":[3,4],"tags":[],"class_list":["post-3076","post","type-post","status-publish","format-standard","has-post-thumbnail","hentry","category-avvisi-e-comunicazioni","category-eventi-e-conferenze"],"aioseo_notices":[],"_links":{"self":[{"href":"https:\/\/unitreorvieto.it\/index.php?rest_route=\/wp\/v2\/posts\/3076","targetHints":{"allow":["GET"]}}],"collection":[{"href":"https:\/\/unitreorvieto.it\/index.php?rest_route=\/wp\/v2\/posts"}],"about":[{"href":"https:\/\/unitreorvieto.it\/index.php?rest_route=\/wp\/v2\/types\/post"}],"author":[{"embeddable":true,"href":"https:\/\/unitreorvieto.it\/index.php?rest_route=\/wp\/v2\/users\/5"}],"replies":[{"embeddable":true,"href":"https:\/\/unitreorvieto.it\/index.php?rest_route=%2Fwp%2Fv2%2Fcomments&post=3076"}],"version-history":[{"count":3,"href":"https:\/\/unitreorvieto.it\/index.php?rest_route=\/wp\/v2\/posts\/3076\/revisions"}],"predecessor-version":[{"id":3079,"href":"https:\/\/unitreorvieto.it\/index.php?rest_route=\/wp\/v2\/posts\/3076\/revisions\/3079"}],"wp:featuredmedia":[{"embeddable":true,"href":"https:\/\/unitreorvieto.it\/index.php?rest_route=\/wp\/v2\/media\/987"}],"wp:attachment":[{"href":"https:\/\/unitreorvieto.it\/index.php?rest_route=%2Fwp%2Fv2%2Fmedia&parent=3076"}],"wp:term":[{"taxonomy":"category","embeddable":true,"href":"https:\/\/unitreorvieto.it\/index.php?rest_route=%2Fwp%2Fv2%2Fcategories&post=3076"},{"taxonomy":"post_tag","embeddable":true,"href":"https:\/\/unitreorvieto.it\/index.php?rest_route=%2Fwp%2Fv2%2Ftags&post=3076"}],"curies":[{"name":"wp","href":"https:\/\/api.w.org\/{rel}","templated":true}]}}