{"id":3262,"date":"2026-01-15T10:40:51","date_gmt":"2026-01-15T09:40:51","guid":{"rendered":"https:\/\/unitreorvieto.it\/?p=3262"},"modified":"2026-01-15T10:44:43","modified_gmt":"2026-01-15T09:44:43","slug":"alla-sala-consiliare-la-presentazione-della-programmazione-unitre-del-primo-semestre-2026","status":"publish","type":"post","link":"https:\/\/unitreorvieto.it\/?p=3262","title":{"rendered":"ALLA SALA CONSILIARE LA PRESENTAZIONE DELLA PROGRAMMAZIONE UNITRE DEL PRIMO SEMESTRE 2026"},"content":{"rendered":"\n<div class=\"wp-block-buttons is-content-justification-center is-layout-flex wp-container-core-buttons-is-layout-16018d1d wp-block-buttons-is-layout-flex\">\n<div class=\"wp-block-button is-style-fill\"><a class=\"wp-block-button__link has-white-color has-text-color has-background has-link-color has-text-align-center wp-element-button\" href=\"https:\/\/uni3-orvieto.voxmail.it\/nl\/pvt1vp\/kyud74\/yj753lb\/uf\/2\/aHR0cHM6Ly93d3cuZmFjZWJvb2suY29tL29ydmlldG9MaWZl?_d=B0E&amp;_c=7bcaceaa\" style=\"background-color:#019154\">pagina Facebook ORVIETOLIFE<\/a><\/div>\n<\/div>\n\n\n<p><img decoding=\"async\" title=\"\" src=\"https:\/\/unitreorvieto.ddev.site\/wp-content\/plugins\/elementor\/assets\/images\/placeholder.png\" alt=\"\" \/>L&#8217;<strong>UNITRE &#8211; Universit\u00e0 delle Tre Et\u00e0<\/strong> di Orvieto riveler\u00e0 il calendario didattico-culturale previsto per il primo semestre 2026 nella mattinata di <strong>Marted\u00ec 20 Gennaio<\/strong> alle <strong>ore 11<\/strong>, presso la <strong>Sala Consiliare<\/strong> del Comune di Orvieto.<br \/>La presentazione sar\u00e0 coordinata dal Presidente UNITRE M\u00b0 Riccardo Cambri, e vedr\u00e0 la partecipazione dei componenti del Consiglio Direttivo, dei Docenti e degli Esperti impegnati nelle molteplici attivit\u00e0.<br \/>A porgere il saluto istituzionale sar\u00e0 il Sindaco di Orvieto, Dott.ssa Roberta Tardani.<br \/>L\u2019evento sar\u00e0 in diretta streaming sulla pagina Facebook della testata online OrvietoLife <em>(collegamento diretto tramite il pulsante verde)<\/em>.<\/p>","protected":false},"excerpt":{"rendered":"<p>L&#8217;UNITRE &#8211; Universit\u00e0 delle Tre Et\u00e0 di Orvieto riveler\u00e0 il calendario didattico-culturale previsto per il primo semestre 2026 nella mattinata di Marted\u00ec 20 Gennaio alle ore 11, presso la Sala Consiliare del Comune di Orvieto.<\/p>\n","protected":false},"author":5,"featured_media":3265,"comment_status":"closed","ping_status":"closed","sticky":false,"template":"","format":"standard","meta":{"om_disable_all_campaigns":false,"_monsterinsights_skip_tracking":false,"_monsterinsights_sitenote_active":false,"_monsterinsights_sitenote_note":"","_monsterinsights_sitenote_category":0,"footnotes":""},"categories":[3,4],"tags":[],"class_list":["post-3262","post","type-post","status-publish","format-standard","has-post-thumbnail","hentry","category-avvisi-e-comunicazioni","category-eventi-e-conferenze"],"aioseo_notices":[],"_links":{"self":[{"href":"https:\/\/unitreorvieto.it\/index.php?rest_route=\/wp\/v2\/posts\/3262","targetHints":{"allow":["GET"]}}],"collection":[{"href":"https:\/\/unitreorvieto.it\/index.php?rest_route=\/wp\/v2\/posts"}],"about":[{"href":"https:\/\/unitreorvieto.it\/index.php?rest_route=\/wp\/v2\/types\/post"}],"author":[{"embeddable":true,"href":"https:\/\/unitreorvieto.it\/index.php?rest_route=\/wp\/v2\/users\/5"}],"replies":[{"embeddable":true,"href":"https:\/\/unitreorvieto.it\/index.php?rest_route=%2Fwp%2Fv2%2Fcomments&post=3262"}],"version-history":[{"count":2,"href":"https:\/\/unitreorvieto.it\/index.php?rest_route=\/wp\/v2\/posts\/3262\/revisions"}],"predecessor-version":[{"id":3264,"href":"https:\/\/unitreorvieto.it\/index.php?rest_route=\/wp\/v2\/posts\/3262\/revisions\/3264"}],"wp:featuredmedia":[{"embeddable":true,"href":"https:\/\/unitreorvieto.it\/index.php?rest_route=\/wp\/v2\/media\/3265"}],"wp:attachment":[{"href":"https:\/\/unitreorvieto.it\/index.php?rest_route=%2Fwp%2Fv2%2Fmedia&parent=3262"}],"wp:term":[{"taxonomy":"category","embeddable":true,"href":"https:\/\/unitreorvieto.it\/index.php?rest_route=%2Fwp%2Fv2%2Fcategories&post=3262"},{"taxonomy":"post_tag","embeddable":true,"href":"https:\/\/unitreorvieto.it\/index.php?rest_route=%2Fwp%2Fv2%2Ftags&post=3262"}],"curies":[{"name":"wp","href":"https:\/\/api.w.org\/{rel}","templated":true}]}}