{"id":3353,"date":"2026-02-06T17:06:21","date_gmt":"2026-02-06T16:06:21","guid":{"rendered":"https:\/\/unitreorvieto.it\/?p=3353"},"modified":"2026-02-06T17:06:33","modified_gmt":"2026-02-06T16:06:33","slug":"terzo-incontro-del-corso-unitre-di-filostoria","status":"publish","type":"post","link":"https:\/\/unitreorvieto.it\/?p=3353","title":{"rendered":"TERZO INCONTRO DEL CORSO UNITRE DI FILOSTORIA"},"content":{"rendered":"<p style=\"text-align: center;\"><b>MISSIONE EUROPA<\/b><b><br \/>\n<\/b><b>Una ricerca di senso nell\u2019et\u00e0 dell\u2019incertezza e dei predatori<\/b><b><br \/>\n<\/b><i><span style=\"font-weight: 400;\">corso di FiloStoria 2025\/2026<\/span><\/i><i><span style=\"font-weight: 400;\"><br \/>\n<\/span><\/i><span style=\"font-weight: 400;\">a cura del Prof. <\/span><b>Franco Raimondo Barbabella<\/b><b><br \/>\n<\/b><b><br \/>\n<\/b><b>Luned\u00ec 9 Febbraio 2026 ore 17<\/b><b><br \/>\n<\/b><b>Sala Urbani, Palazzo dell&#8217;Opera del Duomo, Piazza Duomo, Orvieto<\/b><b><br \/>\n<\/b><b><br \/>\n<\/b><b>PERCH\u00c9 LE AUTOCRAZIE ODIANO L\u2019EUROPA<\/b><b><br \/>\n<\/b><i><span style=\"font-weight: 400;\">rif. A. Applebaum, \u201cAutocrazie\u201d<\/span><\/i><i><span style=\"font-weight: 400;\"><br \/>\n<\/span><\/i><i><span style=\"font-weight: 400;\"><br \/>\n<\/span><\/i><b>Dialogo F. R. BARBABELLA &#8211; M. SCIARRINI &#8211; F. PIZZICHINI <\/b><b><br \/>\n<\/b><b><br \/>\n<\/b><i><span style=\"font-weight: 400;\">L\u2019Europa sembra diventata, dalla Russia all\u2019America, <\/span><\/i><i><span style=\"font-weight: 400;\">\u201cla setta d\u2019i cattivi, a Dio spiacenti e a\u2019 nemici sui\u201d. Ma che cosa dell\u2019Europa infastidisce gli autocrati di ogni origine e caratura, <\/span><\/i><i><span style=\"font-weight: 400;\">e genera in essi \u201ctimore e tremore\u201d? La politica? Lo stile di vita? <\/span><\/i><i><span style=\"font-weight: 400;\">I valori? Ci\u00f2 che potrebbe diventare o ci\u00f2 che gi\u00e0 \u00e8?<\/span><\/i><\/p>\n","protected":false},"excerpt":{"rendered":"<p>Terzo incontro del corso Unitre di FiloStoria, alla Sala Urbani.<\/p>\n","protected":false},"author":5,"featured_media":987,"comment_status":"closed","ping_status":"closed","sticky":false,"template":"","format":"standard","meta":{"om_disable_all_campaigns":false,"_monsterinsights_skip_tracking":false,"_monsterinsights_sitenote_active":false,"_monsterinsights_sitenote_note":"","_monsterinsights_sitenote_category":0,"footnotes":""},"categories":[4],"tags":[],"class_list":["post-3353","post","type-post","status-publish","format-standard","has-post-thumbnail","hentry","category-eventi-e-conferenze"],"aioseo_notices":[],"_links":{"self":[{"href":"https:\/\/unitreorvieto.it\/index.php?rest_route=\/wp\/v2\/posts\/3353","targetHints":{"allow":["GET"]}}],"collection":[{"href":"https:\/\/unitreorvieto.it\/index.php?rest_route=\/wp\/v2\/posts"}],"about":[{"href":"https:\/\/unitreorvieto.it\/index.php?rest_route=\/wp\/v2\/types\/post"}],"author":[{"embeddable":true,"href":"https:\/\/unitreorvieto.it\/index.php?rest_route=\/wp\/v2\/users\/5"}],"replies":[{"embeddable":true,"href":"https:\/\/unitreorvieto.it\/index.php?rest_route=%2Fwp%2Fv2%2Fcomments&post=3353"}],"version-history":[{"count":1,"href":"https:\/\/unitreorvieto.it\/index.php?rest_route=\/wp\/v2\/posts\/3353\/revisions"}],"predecessor-version":[{"id":3354,"href":"https:\/\/unitreorvieto.it\/index.php?rest_route=\/wp\/v2\/posts\/3353\/revisions\/3354"}],"wp:featuredmedia":[{"embeddable":true,"href":"https:\/\/unitreorvieto.it\/index.php?rest_route=\/wp\/v2\/media\/987"}],"wp:attachment":[{"href":"https:\/\/unitreorvieto.it\/index.php?rest_route=%2Fwp%2Fv2%2Fmedia&parent=3353"}],"wp:term":[{"taxonomy":"category","embeddable":true,"href":"https:\/\/unitreorvieto.it\/index.php?rest_route=%2Fwp%2Fv2%2Fcategories&post=3353"},{"taxonomy":"post_tag","embeddable":true,"href":"https:\/\/unitreorvieto.it\/index.php?rest_route=%2Fwp%2Fv2%2Ftags&post=3353"}],"curies":[{"name":"wp","href":"https:\/\/api.w.org\/{rel}","templated":true}]}}