{"id":3370,"date":"2026-02-16T20:55:46","date_gmt":"2026-02-16T19:55:46","guid":{"rendered":"https:\/\/unitreorvieto.it\/?p=3370"},"modified":"2026-02-16T20:55:56","modified_gmt":"2026-02-16T19:55:56","slug":"unitre-per-dante-una-bella-storia-appena-avviata","status":"publish","type":"post","link":"https:\/\/unitreorvieto.it\/?p=3370","title":{"rendered":"UNITRE PER DANTE, UNA BELLA STORIA APPENA AVVIATA"},"content":{"rendered":"<p><img decoding=\"async\" title=\"\" src=\"https:\/\/unitreorvieto.ddev.site\/wp-content\/plugins\/elementor\/assets\/images\/placeholder.png\" alt=\"\" \/><strong>\u201cDante, un uomo in viaggio\u201d<\/strong> (2021), <strong>\u201cLe parole che ti scrissi\u201d<\/strong> (2022), <strong>\u201cChe cosa oltre il fondo\u201d<\/strong> (2023), <strong>\u201cLibert\u00e0 va cercando\u201d<\/strong> (2024), <strong>\u201cIl messaggio universale di San Francesco e San Domenico in Dante\u201d<\/strong> (2025): questi i temi dei cinque <strong>Danted\u00ec<\/strong> promossi sin qui dall\u2019<strong>UNITRE &#8211; Universit\u00e0 delle Tre Et\u00e0<\/strong> di Orvieto, condivisi con la cittadinanza e con ampie platee di studenti.<\/p>\n<p>Nei giorni scorsi, gli storici docenti che hanno animato il Danted\u00ec dalla prima edizione, assieme al Presidente e al Vicepresidente UNITRE hanno analizzato il percorso sinora battuto, definendo il convinto proposito di continuare l\u2019iniziativa, attualizzandone il format alla luce delle sollecitazioni giunte in questi anni.<\/p>\n<p><em>\u201cRicordo ancora con piacere\u201d<\/em>, afferma il M\u00b0 Riccardo Cambri, <em>\u201cquando, cinque anni fa in una plumbea mattinata di gennaio, su mia richiesta ci incontrammo nell\u2019ampio salone Santoro di Palazzo Simoncelli &#8211; pieno periodo Covid, era il tempo del distanziamento sociale e delle mascherine &#8211; per comprendere se e come la nostra piccola ma coraggiosa UNITRE poteva produrre un Danted\u00ec in Orvieto, in accoglimento della sollecitazione ministeriale del 2020 con la quale si istituiva la giornata nazionale dedicata a Dante Alighieri. Con me Fioralba Salani, Franco Raimondo Barbabella, Donato Catamo, Raffaele Davanzo e Alberto Romizi. Con me e con l\u2019UNITRE, allora come oggi, e &#8211; a Dio piacendo &#8211; ancora per il futuro. In un recentissimo incontro, necessario per valutare un lustro di intenso e fervido impegno, abbiamo convenuto di proseguire il progetto culturale, limando le consonanze imperfette e deboli &#8211; utilizzo una pertinente definizione teorico-musicale &#8211; emerse alla luce della preziosa esperienza acquisita sul campo e in accoglimento di alcuni suggerimenti che ci sono stati porti. In questo 2026, rispetto alla data istituzionale prevista abbiamo optato per lo spostamento temporale di qualche mese in avanti: ci\u00f2 permetter\u00e0 di rimodulare l\u2019impalcatura formale del Danted\u00ec UNITRE, attualizzandola in relazione all\u2019idiomaticit\u00e0 del tema gi\u00e0 chiaramente identificato. \u00c8 mio graditissimo compito ringraziare Fioralba, Franco Raimondo, Donato, Raffaele ed Alberto per l\u2019entusiasmo con cui, uniti, si \u00e8 decisa la continuazione dell\u2019esperienza intellettuale legata al genio poetico e visionario di Dante\u201d<\/em>.<\/p>\n\n<div class=\"wp-block-image\">\n<figure class=\"aligncenter size-full is-resized\"><img loading=\"lazy\" decoding=\"async\" width=\"2205\" height=\"1698\" src=\"https:\/\/unitreorvieto.it\/wp-content\/uploads\/2026\/02\/Dantedi_2023.jpg\" alt=\"\" class=\"wp-image-3371\" style=\"aspect-ratio:1.2985958931904877;width:427px;height:auto\" srcset=\"https:\/\/unitreorvieto.it\/wp-content\/uploads\/2026\/02\/Dantedi_2023.jpg 2205w, https:\/\/unitreorvieto.it\/wp-content\/uploads\/2026\/02\/Dantedi_2023-300x231.jpg 300w, https:\/\/unitreorvieto.it\/wp-content\/uploads\/2026\/02\/Dantedi_2023-1024x789.jpg 1024w, https:\/\/unitreorvieto.it\/wp-content\/uploads\/2026\/02\/Dantedi_2023-768x591.jpg 768w, https:\/\/unitreorvieto.it\/wp-content\/uploads\/2026\/02\/Dantedi_2023-1536x1183.jpg 1536w, https:\/\/unitreorvieto.it\/wp-content\/uploads\/2026\/02\/Dantedi_2023-2048x1577.jpg 2048w, https:\/\/unitreorvieto.it\/wp-content\/uploads\/2026\/02\/Dantedi_2023-1200x924.jpg 1200w\" sizes=\"auto, (max-width: 2205px) 100vw, 2205px\" \/><figcaption class=\"wp-element-caption\">Nella foto, i protagonisti del Danted\u00ec 2023<\/figcaption><\/figure>\n<\/div>","protected":false},"excerpt":{"rendered":"<p>L\u2019UNITRE di Orvieto ha promosso dal 2021 al 2025 cinque Danted\u00ec tematici, condivisi con la cittadinanza e con numerosi studenti, consolidando un percorso culturale dedicato a Dante. Dopo una verifica del lavoro svolto, docenti e Presidenza confermano la prosecuzione dell\u2019iniziativa nel 2026, aggiornandone il format e posticipandone la data per renderlo pi\u00f9 attuale ed efficace.<\/p>\n","protected":false},"author":5,"featured_media":987,"comment_status":"closed","ping_status":"closed","sticky":false,"template":"","format":"standard","meta":{"om_disable_all_campaigns":false,"_monsterinsights_skip_tracking":false,"_monsterinsights_sitenote_active":false,"_monsterinsights_sitenote_note":"","_monsterinsights_sitenote_category":0,"footnotes":""},"categories":[4],"tags":[],"class_list":["post-3370","post","type-post","status-publish","format-standard","has-post-thumbnail","hentry","category-eventi-e-conferenze"],"aioseo_notices":[],"_links":{"self":[{"href":"https:\/\/unitreorvieto.it\/index.php?rest_route=\/wp\/v2\/posts\/3370","targetHints":{"allow":["GET"]}}],"collection":[{"href":"https:\/\/unitreorvieto.it\/index.php?rest_route=\/wp\/v2\/posts"}],"about":[{"href":"https:\/\/unitreorvieto.it\/index.php?rest_route=\/wp\/v2\/types\/post"}],"author":[{"embeddable":true,"href":"https:\/\/unitreorvieto.it\/index.php?rest_route=\/wp\/v2\/users\/5"}],"replies":[{"embeddable":true,"href":"https:\/\/unitreorvieto.it\/index.php?rest_route=%2Fwp%2Fv2%2Fcomments&post=3370"}],"version-history":[{"count":1,"href":"https:\/\/unitreorvieto.it\/index.php?rest_route=\/wp\/v2\/posts\/3370\/revisions"}],"predecessor-version":[{"id":3372,"href":"https:\/\/unitreorvieto.it\/index.php?rest_route=\/wp\/v2\/posts\/3370\/revisions\/3372"}],"wp:featuredmedia":[{"embeddable":true,"href":"https:\/\/unitreorvieto.it\/index.php?rest_route=\/wp\/v2\/media\/987"}],"wp:attachment":[{"href":"https:\/\/unitreorvieto.it\/index.php?rest_route=%2Fwp%2Fv2%2Fmedia&parent=3370"}],"wp:term":[{"taxonomy":"category","embeddable":true,"href":"https:\/\/unitreorvieto.it\/index.php?rest_route=%2Fwp%2Fv2%2Fcategories&post=3370"},{"taxonomy":"post_tag","embeddable":true,"href":"https:\/\/unitreorvieto.it\/index.php?rest_route=%2Fwp%2Fv2%2Ftags&post=3370"}],"curies":[{"name":"wp","href":"https:\/\/api.w.org\/{rel}","templated":true}]}}