{"id":3447,"date":"2026-03-16T10:52:07","date_gmt":"2026-03-16T09:52:07","guid":{"rendered":"https:\/\/unitreorvieto.it\/?p=3447"},"modified":"2026-03-17T15:32:11","modified_gmt":"2026-03-17T14:32:11","slug":"la-voix-de-chopin-a-cura-del-m-riccardo-cambri-con-lalto-patrocinio-dellambasciata-di-polonia","status":"publish","type":"post","link":"https:\/\/unitreorvieto.it\/?p=3447","title":{"rendered":"\u201cLA VOIX DE CHOPIN\u201d: A CURA DEL M\u00b0 RICCARDO CAMBRI, CON L\u2019ALTO PATROCINIO DELL\u2019AMBASCIATA DI POLONIA"},"content":{"rendered":"<p><img decoding=\"async\" title=\"\" src=\"https:\/\/unitreorvieto.ddev.site\/wp-content\/plugins\/elementor\/assets\/images\/placeholder.png\" alt=\"\" \/><strong>Domenica 22 Marzo <\/strong>2026, alle <strong>ore 17<\/strong>, il suggestivo <strong>Ridotto del Teatro Mancinelli<\/strong> di Orvieto accoglier\u00e0 un nuovo appuntamento della Stagione <strong>\u201cInsieme, nel Segno della Musica\u201d<\/strong>, promossa da <strong>Scuola Comunale di Musica \u201cAdriano Casasole\u201d<\/strong>, <strong>UNITRE Orvieto<\/strong> e <strong>ISAO Istituto Storico Artistico Orvietano<\/strong>, sotto la direzione artistica del M\u00b0 <strong>Riccardo Cambri<\/strong>.<\/p>\n<p><strong>\u201cLa voix de Chopin\u201d<\/strong> <em>(La voce di Chopin)<\/em> avr\u00e0 la fortunata formula di Salotto Musicale, gi\u00e0 felicemente sperimentata negli anni scorsi, durante il quale brani pianistici suonati dal vivo si alterneranno a letture e riflessioni tecnico-musicali, per rivivere la magia espressiva della sublime creativit\u00e0 di Fr\u00e9d\u00e9ric Chopin, Poeta del Pianoforte fra i massimi compositori di tutti i tempi.<\/p>\n<p>Ideatore e curatore dell\u2019evento sar\u00e0 <strong>Riccardo Cambri<\/strong>, noto concertista e profondo conoscitore della poetica chopiniana. Accanto a s\u00e9 il Maestro ha chiamato gli allievi &#8211; espressivi e virtuosi &#8211; <strong>Amane Ada Brugnera<\/strong>, <strong>Chiara Fanelli<\/strong>, <strong>Teresa Pedichini<\/strong> e <strong>Pietro Zanetti<\/strong>, provenienti dalla Scuola Comunale di Orvieto. Il compito di tratteggiare la voce di Chopin sar\u00e0 affidato all\u2019interpretazione di <strong>Alberto Romizi<\/strong>, che attinger\u00e0 alle pagine di \u201cChopin, Vita e Arte\u201d, prima biografia chopiniana scritta dalla nobile penna di Franz Liszt.<\/p>\n<p>\u201cLa voix de Chopin\u201d, per l\u2019appropriatezza e la qualit\u00e0 del programma culturale ed artistico scelto dal M\u00b0 Cambri, ha ricevuto l\u2019<strong>alto patrocinio dell\u2019Ambasciata di Polonia in Roma<\/strong>.<\/p>\n<p>Date le dimensioni del Ridotto, i posti saranno limitati: ingresso libero con <strong>prenotazione obbligatoria<\/strong> al numero telefonico <strong>3387323884<\/strong>.<\/p>\n<p>\u201cLa voix de Chopin\u201d <em>(La voce di Chopin)<\/em> \u00e8 reso possibile grazie al supporto del <em>Comune di Orvieto<\/em>, della <em>Fondazione Cassa di Risparmio di Orvieto<\/em> e del <em>Teatro Mancinelli<\/em>.<\/p>\n<p><em>\u00a0<\/em><\/p>\n<p><em>La vita artistica del Maestro Cambri \u00e8 stata sempre ispirata dall\u2019arte dell\u2019immenso compositore polacco, e conosciuta nei caratteri pi\u00f9 intimi attraverso le lezioni dell\u2019indimenticabile Maestro Elio Maestosi, che tanto amava e stimava il suo promettente allievo. Ricordo che Maestosi, scomparso qualche anno fa, era a sua volta allievo del grande interprete francese Alfred Cortot, che ebbe la fortuna di assorbire l\u2019arte di Chopin da \u00c9mile Decombes, uno degli ultimi discepoli di Fr\u00e9d\u00e9ric: una sublime catena artistica, professionale ed umana che continua e continuer\u00e0.<\/em><\/p>\n<p><em>Il Salotto Musicale \u00e8 ispirato alla vita del magnifico Compositore: una vita incredibilmente intensa ma purtroppo breve, della quale saranno narrati momenti, aspetti e personaggi significativi, ispirati dalla sinestetica sensibilit\u00e0 del M\u00b0 Cambri.<\/em><\/p>\n<p><em>Raffaele Davanzo<\/em><\/p>\n","protected":false},"excerpt":{"rendered":"<p>Al Ridotto del Teatro Mancinelli di Orvieto, \u201cLa voix de Chopin\u201d omaggia il compositore polacco con musica dal vivo, letture e approfondimenti curati dal M\u00b0 Riccardo Cambri con i suoi allievi.<br \/>\nL\u2019evento, promosso da Scuola Comunale di Musica \u201cAdriano Casasole\u201d, UNITRE Orvieto e ISAO, \u00e8 a ingresso libero con prenotazione obbligatoria.<\/p>\n","protected":false},"author":5,"featured_media":3448,"comment_status":"closed","ping_status":"closed","sticky":false,"template":"","format":"standard","meta":{"om_disable_all_campaigns":false,"_monsterinsights_skip_tracking":false,"_monsterinsights_sitenote_active":false,"_monsterinsights_sitenote_note":"","_monsterinsights_sitenote_category":0,"footnotes":""},"categories":[4],"tags":[],"class_list":["post-3447","post","type-post","status-publish","format-standard","has-post-thumbnail","hentry","category-eventi-e-conferenze"],"aioseo_notices":[],"_links":{"self":[{"href":"https:\/\/unitreorvieto.it\/index.php?rest_route=\/wp\/v2\/posts\/3447","targetHints":{"allow":["GET"]}}],"collection":[{"href":"https:\/\/unitreorvieto.it\/index.php?rest_route=\/wp\/v2\/posts"}],"about":[{"href":"https:\/\/unitreorvieto.it\/index.php?rest_route=\/wp\/v2\/types\/post"}],"author":[{"embeddable":true,"href":"https:\/\/unitreorvieto.it\/index.php?rest_route=\/wp\/v2\/users\/5"}],"replies":[{"embeddable":true,"href":"https:\/\/unitreorvieto.it\/index.php?rest_route=%2Fwp%2Fv2%2Fcomments&post=3447"}],"version-history":[{"count":1,"href":"https:\/\/unitreorvieto.it\/index.php?rest_route=\/wp\/v2\/posts\/3447\/revisions"}],"predecessor-version":[{"id":3450,"href":"https:\/\/unitreorvieto.it\/index.php?rest_route=\/wp\/v2\/posts\/3447\/revisions\/3450"}],"wp:featuredmedia":[{"embeddable":true,"href":"https:\/\/unitreorvieto.it\/index.php?rest_route=\/wp\/v2\/media\/3448"}],"wp:attachment":[{"href":"https:\/\/unitreorvieto.it\/index.php?rest_route=%2Fwp%2Fv2%2Fmedia&parent=3447"}],"wp:term":[{"taxonomy":"category","embeddable":true,"href":"https:\/\/unitreorvieto.it\/index.php?rest_route=%2Fwp%2Fv2%2Fcategories&post=3447"},{"taxonomy":"post_tag","embeddable":true,"href":"https:\/\/unitreorvieto.it\/index.php?rest_route=%2Fwp%2Fv2%2Ftags&post=3447"}],"curies":[{"name":"wp","href":"https:\/\/api.w.org\/{rel}","templated":true}]}}