{"id":3455,"date":"2026-03-20T18:23:22","date_gmt":"2026-03-20T17:23:22","guid":{"rendered":"https:\/\/unitreorvieto.it\/?p=3455"},"modified":"2026-03-20T18:30:06","modified_gmt":"2026-03-20T17:30:06","slug":"la-settimana-santa-in-sicilia-un-viaggio-negli-scenari-narrativi-verghiani","status":"publish","type":"post","link":"https:\/\/unitreorvieto.it\/?p=3455","title":{"rendered":"LA SETTIMANA SANTA IN SICILIA &#8211; UN VIAGGIO NEGLI SCENARI NARRATIVI VERGHIANI"},"content":{"rendered":"\n<h4 class=\"wp-block-heading\"><em>L\u2019UNITRE PRESENTA L\u2019ULTIMO LIBRO DI CARMELO VECCHIO<\/em><\/h4>\n\n\n<p><img decoding=\"async\" title=\"\" src=\"https:\/\/unitreorvieto.ddev.site\/wp-content\/plugins\/elementor\/assets\/images\/placeholder.png\" alt=\"\" \/><span style=\"font-weight: 400;\">L\u2019<\/span><b>UNITRE <\/b><span style=\"font-weight: 400;\">di Orvieto si ritrover\u00e0 all\u2019<\/span><b>Auditorium \u201cGioacchino Messina\u201d<\/b><span style=\"font-weight: 400;\"> (presso Palazzo Coelli in Piazza Febei, centro storico di Orvieto) per un&#8217;altra iniziativa di alto profilo: <\/span><b>Venerd\u00ec 27 Marzo<\/b><span style=\"font-weight: 400;\"> 2026, alle <\/span><b>ore 17<\/b><span style=\"font-weight: 400;\">, avr\u00e0 luogo la presentazione del libro <\/span><b>\u201cLa Settimana Santa in Sicilia &#8211; Vizzini &#8211; Un viaggio negli scenari narrativi verghiani\u201d<\/b><span style=\"font-weight: 400;\"> di <\/span><b>Carmelo Vecchio<\/b><span style=\"font-weight: 400;\">.<\/span><\/p>\n<p><span style=\"font-weight: 400;\">Il Prof. Vecchio, attualmente docente dell\u2019UNITRE dopo aver lungamente insegnato presso il Liceo Majorana di Orvieto, \u00e8 appassionato e profondo conoscitore dell\u2019opera letteraria di Giovanni Verga nonch\u00e9 delle tradizioni culturali e popolari della Sicilia, amata terra d\u2019origine.<\/span><\/p>\n<p><span style=\"font-weight: 400;\">Il suo ultimo lavoro creativo \u00e8 pubblicato da <\/span><b>La Valle del Tempo editore<\/b><span style=\"font-weight: 400;\"> (Napoli); la prefazione \u00e8 curata da S. E. Mons. <\/span><b>Gualtiero Sigismondi<\/b><span style=\"font-weight: 400;\">, vescovo della diocesi di Orvieto-Todi.<\/span><\/p>\n<p><span style=\"font-weight: 400;\">Alla presentazione, patrocinata dal Comune di Orvieto e dalla Diocesi di Orvieto-Todi e inserita nella rassegna aperiodica Unitre \u201cVisioni Letterarie\u201d, parteciperanno Don <\/span><b>Stefano Puri<\/b><span style=\"font-weight: 400;\">, Vicario Generale della Diocesi di Orvieto-Todi, e l\u2019editore Prof. <\/span><b>Mario Rovinello<\/b><span style=\"font-weight: 400;\">. Coordiner\u00e0 l\u2019evento il Dott. <\/span><b>Alberto Romizi<\/b><span style=\"font-weight: 400;\">, vicepresidente UNITRE, che sar\u00e0 anche sensibile lettore di alcuni stralci. Ingresso libero sino ad esaurimento posti.<\/span><\/p>\n<p><span style=\"font-weight: 400;\">L\u2019UNITRE &#8211; Universit\u00e0 delle Tre Et\u00e0 di Orvieto ringrazia la Fondazione Cassa di Risparmio di Orvieto per la gentile ospitalit\u00e0 presso l\u2019Auditorium \u201cMessina\u201d.<\/span><\/p>\n<p><br \/><i><span style=\"font-weight: 400;\">\u201cCon questa intensa presentazione\u201d<\/span><\/i><span style=\"font-weight: 400;\">, aggiunge il Presidente M\u00b0 <\/span><b>Riccardo Cambri<\/b><span style=\"font-weight: 400;\">, <\/span><i><span style=\"font-weight: 400;\">\u201cl\u2019UNITRE conclude un trittico dedicato ad un gigante della letteratura italiana ed internazionale qual \u00e8 Verga, che siamo riusciti a proporre grazie alla competenza del Professor Vecchio. Docente prezioso e disponibile, Carmelo \u00e8 oramai una delle colonne didattiche della nostra Istituzione. A lui il sincero ringraziamento del Consiglio Direttivo UNITRE Orvieto\u201d<\/span><\/i><span style=\"font-weight: 400;\">.<\/span><\/p>","protected":false},"excerpt":{"rendered":"<p>UNITRE presenta il libro di Carmelo Vecchio La Settimana Santa in Sicilia &#8211; Vizzini &#8211; Un viaggio negli scenari narrativi verghiani.<br \/>\nL\u2019incontro conclude il ciclo UNITRE \u201cVisioni Letterarie\u201d dedicato a Verga, con interventi di Don Stefano Puri, dell\u2019editore Mario Rovinello e del vicepresidente Alberto Romizi.<\/p>\n","protected":false},"author":5,"featured_media":3457,"comment_status":"closed","ping_status":"closed","sticky":false,"template":"","format":"standard","meta":{"om_disable_all_campaigns":false,"_monsterinsights_skip_tracking":false,"_monsterinsights_sitenote_active":false,"_monsterinsights_sitenote_note":"","_monsterinsights_sitenote_category":0,"footnotes":""},"categories":[4],"tags":[],"class_list":["post-3455","post","type-post","status-publish","format-standard","has-post-thumbnail","hentry","category-eventi-e-conferenze"],"aioseo_notices":[],"_links":{"self":[{"href":"https:\/\/unitreorvieto.it\/index.php?rest_route=\/wp\/v2\/posts\/3455","targetHints":{"allow":["GET"]}}],"collection":[{"href":"https:\/\/unitreorvieto.it\/index.php?rest_route=\/wp\/v2\/posts"}],"about":[{"href":"https:\/\/unitreorvieto.it\/index.php?rest_route=\/wp\/v2\/types\/post"}],"author":[{"embeddable":true,"href":"https:\/\/unitreorvieto.it\/index.php?rest_route=\/wp\/v2\/users\/5"}],"replies":[{"embeddable":true,"href":"https:\/\/unitreorvieto.it\/index.php?rest_route=%2Fwp%2Fv2%2Fcomments&post=3455"}],"version-history":[{"count":1,"href":"https:\/\/unitreorvieto.it\/index.php?rest_route=\/wp\/v2\/posts\/3455\/revisions"}],"predecessor-version":[{"id":3456,"href":"https:\/\/unitreorvieto.it\/index.php?rest_route=\/wp\/v2\/posts\/3455\/revisions\/3456"}],"wp:featuredmedia":[{"embeddable":true,"href":"https:\/\/unitreorvieto.it\/index.php?rest_route=\/wp\/v2\/media\/3457"}],"wp:attachment":[{"href":"https:\/\/unitreorvieto.it\/index.php?rest_route=%2Fwp%2Fv2%2Fmedia&parent=3455"}],"wp:term":[{"taxonomy":"category","embeddable":true,"href":"https:\/\/unitreorvieto.it\/index.php?rest_route=%2Fwp%2Fv2%2Fcategories&post=3455"},{"taxonomy":"post_tag","embeddable":true,"href":"https:\/\/unitreorvieto.it\/index.php?rest_route=%2Fwp%2Fv2%2Ftags&post=3455"}],"curies":[{"name":"wp","href":"https:\/\/api.w.org\/{rel}","templated":true}]}}