{"id":3475,"date":"2026-04-01T09:59:23","date_gmt":"2026-04-01T08:59:23","guid":{"rendered":"https:\/\/unitreorvieto.it\/?p=3475"},"modified":"2026-04-01T09:59:29","modified_gmt":"2026-04-01T08:59:29","slug":"conferme-e-novita-per-laprile-2026-dellunitre","status":"publish","type":"post","link":"https:\/\/unitreorvieto.it\/?p=3475","title":{"rendered":"CONFERME E NOVIT\u00c0 PER L\u2019APRILE 2026 DELL\u2019UNITRE"},"content":{"rendered":"\n<div class=\"wp-block-buttons is-content-justification-center is-layout-flex wp-container-core-buttons-is-layout-16018d1d wp-block-buttons-is-layout-flex\">\n<div class=\"wp-block-button is-style-fill\"><a class=\"wp-block-button__link has-white-color has-text-color has-background has-link-color has-text-align-center wp-element-button\" href=\"https:\/\/unitreorvieto.it\/wp-content\/uploads\/2026\/04\/aprile_2026_col.jpg\" style=\"background-color:#019154\" target=\"_blank\" rel=\"noreferrer noopener\">APRILE 2026<\/a><\/div>\n<\/div>\n\n\n<p><img decoding=\"async\" title=\"\" src=\"https:\/\/unitreorvieto.ddev.site\/wp-content\/plugins\/elementor\/assets\/images\/placeholder.png\" alt=\"\" \/><span style=\"font-weight: 400;\">L\u2019<\/span><b>Universit\u00e0 delle Tre Et\u00e0<\/b><span style=\"font-weight: 400;\"> di Orvieto ha pubblicato il programma didattico-culturale approntato per il mese di <\/span><b>Aprile 2026<\/b><span style=\"font-weight: 400;\">, introducendo alcune novit\u00e0 significative fra le materie proposte.<\/span><\/p>\n<p><span style=\"font-weight: 400;\">Pienamente attivi i corsi e laboratori di <\/span><b>Ascolto Musicale<\/b><span style=\"font-weight: 400;\"> (Riccardo Cambri), <\/span><b>Pittura ed Arti Visive<\/b><span style=\"font-weight: 400;\"> (Donato Catamo), <\/span><b>Lettura Emozionale<\/b><span style=\"font-weight: 400;\"> (Gianluca Foresi), <\/span><b>Patchwork<\/b><span style=\"font-weight: 400;\"> (Patrizia Menghi), <\/span><b>Lingua Inglese<\/b><span style=\"font-weight: 400;\"> (Carmelo Vecchio), <\/span><b>Lingua Spagnola<\/b><span style=\"font-weight: 400;\"> (Maria Cristina Villalonga), <\/span><b>Rieducazione Posturale<\/b><span style=\"font-weight: 400;\"> e <\/span><b>Attivit\u00e0 Fisica Adattata<\/b><span style=\"font-weight: 400;\"> (istruttore Michelangelo Di Bartolomeo), <\/span><b>Attivit\u00e0 in Acqua<\/b><span style=\"font-weight: 400;\"> (Valentina Crosta e Maria Consuelo Lupi), <\/span><b>Acqua Postural<\/b><span style=\"font-weight: 400;\"> (Maria Consuelo Lupi), <\/span><b>Yoga Posturale<\/b><span style=\"font-weight: 400;\"> (Cristina Caporali), <\/span><b>Orvieto Cammina<\/b><span style=\"font-weight: 400;\"> (UISP Orvieto Medio Tevere).<\/span><\/p>\n<p><span style=\"font-weight: 400;\">Interessanti ed intense le nuove esperienze in partenza: <\/span><b>\u201cIl Filo della Vita\u201d<\/b><span style=\"font-weight: 400;\">, corso di Biologia a cura della Prof.ssa <\/span><b>Francesca Medori<\/b><span style=\"font-weight: 400;\"> (prima lezione Mercoled\u00ec 15 alle ore 17 presso il Museo \u201cEmilio Greco\u201d); <\/span><b>&#8220;Fotografia&#8221;<\/b><span style=\"font-weight: 400;\">, laboratorio oramai storico seguito dalle docenti <\/span><b>Roberta Cotigni<\/b><span style=\"font-weight: 400;\"> e <\/span><b>Noemi Morelli<\/b><span style=\"font-weight: 400;\"> (primo incontro Luned\u00ec 20 ore 15:30 alla sede sociale di Piazza del Popolo). Sar\u00e0 avviata anche una serie di quattro approfondimenti, dedicata all\u2019utenza UNITRE, su tematiche informatiche a cura della <\/span><b>Fondazione Centro Studi Citt\u00e0 di Orvieto<\/b><span style=\"font-weight: 400;\"> per il progetto di formazione digitale gratuita \u201cOn Point\u201d: primo appuntamento Mercoled\u00ec 22 Aprile ore 15:30 presso Palazzo Negroni con <\/span><b>\u201cCreare video con l\u2019intelligenza artificiale\u201d <\/b><i><span style=\"font-weight: 400;\">(cliccando sul riquadro rosa soprastante, sar\u00e0 scaricabile il prospetto completo)<\/span><\/i><span style=\"font-weight: 400;\">.<\/span><\/p>\n<p><span style=\"font-weight: 400;\">Questi gli eventi speciali previsti nel corso del mese:<\/span><\/p>\n<p><b>VENERD\u00cc 10 (dalle ore 8)<\/b><span style=\"font-weight: 400;\"> &#8211; Tour guidato a Caprarola e Vignanello (VT)<br \/><\/span><b>\u201cVISITA A PALAZZO FARNESE E VILLA RUSPOLI\u201d<br \/><\/b><i><span style=\"font-weight: 400;\">organizzazione <\/span><\/i><b><i>OrvieTour Viaggi e Turismo<\/i><\/b><i><span style=\"font-weight: 400;\"> (informazioni e prenotazioni Sig.ra Fabrizia Mencarelli: cell <\/span><\/i><b><i>338 9514859<\/i><\/b><i><span style=\"font-weight: 400;\">)<\/span><\/i><\/p>\n<p><i><span style=\"font-weight: 400;\">in collaborazione con <\/span><\/i><b><i>A.Ge.Orvieto<\/i><\/b><i><span style=\"font-weight: 400;\">, <\/span><\/i><b><i>Rotary Club Orvieto<\/i><\/b><i><span style=\"font-weight: 400;\"> e <\/span><\/i><b><i>FIDAPA BPW Orvieto<br \/><\/i><\/b><b>MARTED\u00cc 14 (ore 17)<\/b><span style=\"font-weight: 400;\"> &#8211; Auditorium \u201cGioacchino Messina\u201d di Palazzo Coelli (Piazza Febei), Orvieto<br \/><\/span><b>\u201cDIALOGARE PER EDUCARE: RIFLESSIONI E STRUMENTI\u201d<br \/><\/b><i><span style=\"font-weight: 400;\">con <\/span><\/i><b><i>Pietro Cecchetti<\/i><\/b><i><span style=\"font-weight: 400;\"> psicologo e psicoterapeuta e <\/span><\/i><b><i>Clara Vittori<\/i><\/b><i><span style=\"font-weight: 400;\"> Dirigente Scolastica Liceo \u201cBuratti\u201d Viterbo; conduce <\/span><\/i><b><i>Miranda Bocci<\/i><\/b><i><span style=\"font-weight: 400;\"> giornalista<\/span><\/i><\/p>\n<p><b>MERCOLED\u00cc 15 (ore 14:05)<\/b><span style=\"font-weight: 400;\"> &#8211; Scuola Primaria \u201cSette Martiri\u201d (Ciconia), Orvieto<br \/><\/span><b>\u201cIL RIUTILIZZO DELLE STOFFE PER CREARE FIGURE GEOMETRICHE\u201d<\/b> <i><span style=\"font-weight: 400;\">(lezione dimostrativa Laboratorio di Patchwork)<br \/><\/span><\/i><i><span style=\"font-weight: 400;\">Le <\/span><\/i><b><i>Ragazze del Patchwork<\/i><\/b><i><span style=\"font-weight: 400;\"> incontrano gli alunni delle classi IV della Scuola Primaria \u201cSette Martiri\u201d di Ciconia<\/span><\/i><\/p>\n<p><b>GIOVED\u00cc 16 (ore 17)<\/b><span style=\"font-weight: 400;\"> &#8211; Auditorium \u201cGioacchino Messina\u201d di Palazzo Coelli (Piazza Febei), Orvieto<br \/><\/span><b>\u201cI MECCANISMI DELLA MEMORIA\u201d<\/b> <i><span style=\"font-weight: 400;\">(ciclo \u201cDICA 33\u201d)<br \/><\/span><\/i><i><span style=\"font-weight: 400;\">a cura della Dott.ssa <\/span><\/i><b><i>Maria Antonella Annulli<\/i><\/b><i><span style=\"font-weight: 400;\">, specialista in Neurologia; coordina il Dott. <\/span><\/i><b><i>Alberto Romizi<\/i><\/b><\/p>\n<p><i><span style=\"font-weight: 400;\">in collaborazione con <\/span><\/i><b><i>Scuola Comunale di Musica \u201cAdriano Casasole\u201d<\/i><\/b><i><span style=\"font-weight: 400;\"> e <\/span><\/i><b><i>ISAO<\/i><\/b><i><span style=\"font-weight: 400;\"> (INSIEME &#8211; Nel Segno della Musica)<br \/><\/span><\/i><b>DOMENICA 19 (Prima Rappresentazione ore 17 &#8211; Seconda Rappresentazione ore 21)<\/b><span style=\"font-weight: 400;\"> &#8211; Ridotto del Teatro Mancinelli, Orvieto<br \/><\/span><b>\u201cMILONGA DEL ANGEL\u201d<\/b><span style=\"font-weight: 400;\"> &#8211; Racconto in Musica, tra Gardel e Piazzolla, di <\/span><b>Riccardo Cambri<br \/><\/b><i><span style=\"font-weight: 400;\">con <\/span><\/i><b><i>Edoardo Siravo<\/i><\/b><i><span style=\"font-weight: 400;\">, <\/span><\/i><b><i>Alberto Romizi<\/i><\/b><i><span style=\"font-weight: 400;\"> e <\/span><\/i><b><i>Riccardo Cambri<\/i><\/b><i><span style=\"font-weight: 400;\"> e con <\/span><\/i><b><i>Amane Ada Brugnera<\/i><\/b><i><span style=\"font-weight: 400;\">, <\/span><\/i><b><i>Francesca Bruni<\/i><\/b><i><span style=\"font-weight: 400;\">, <\/span><\/i><b><i>Luisa Casasole<\/i><\/b><i><span style=\"font-weight: 400;\">, <\/span><\/i><b><i>Dino Graziani<br \/><\/i><\/b><i><span style=\"font-weight: 400;\">posti limitati, ingresso ad offerta libera (l\u2019intero ricavato sar\u00e0 devoluto in beneficenza); prenotazioni al <\/span><\/i><b><i>338 7323884<\/i><\/b><\/p>\n<p><span style=\"font-weight: 400;\">La segreteria UNITRE (Piazza del Popolo 17, Orvieto) \u00e8 aperta nei giorni di MERCOLED\u00cc e GIOVED\u00cc dalle 10:30 alle 12. Per informazioni: <\/span><a href=\"http:\/\/www.unitreorvieto.it\/\"><b>www.unitreorvieto.it<\/b><\/a><span style=\"font-weight: 400;\"> (sito web); <\/span><b>uni3-orvieto@alice.it<\/b><span style=\"font-weight: 400;\"> (email); <\/span><b>0763 342234<\/b><span style=\"font-weight: 400;\"> (tel); <\/span><b>338 7323884<\/b><span style=\"font-weight: 400;\"> (cell).<\/span><\/p>\n<p><span style=\"font-weight: 400;\">Il Consiglio Direttivo rivolge alla Famiglia Unitre i migliori Auguri di Buona Pasqua!<\/span><\/p>","protected":false},"excerpt":{"rendered":"<p>L\u2019Unitre di Orvieto presenta il ricco programma didattico-culturale di aprile 2026, introducendo nuovi corsi di biologia, fotografia e intelligenza artificiale accanto alle attivit\u00e0 consolidate. Il mese \u00e8 arricchito da eventi speciali, tra cui visite guidate, incontri formativi e spettacoli musicali di beneficenza.<\/p>\n","protected":false},"author":5,"featured_media":987,"comment_status":"closed","ping_status":"closed","sticky":false,"template":"","format":"standard","meta":{"om_disable_all_campaigns":false,"_monsterinsights_skip_tracking":false,"_monsterinsights_sitenote_active":false,"_monsterinsights_sitenote_note":"","_monsterinsights_sitenote_category":0,"footnotes":""},"categories":[3,4],"tags":[],"class_list":["post-3475","post","type-post","status-publish","format-standard","has-post-thumbnail","hentry","category-avvisi-e-comunicazioni","category-eventi-e-conferenze"],"aioseo_notices":[],"_links":{"self":[{"href":"https:\/\/unitreorvieto.it\/index.php?rest_route=\/wp\/v2\/posts\/3475","targetHints":{"allow":["GET"]}}],"collection":[{"href":"https:\/\/unitreorvieto.it\/index.php?rest_route=\/wp\/v2\/posts"}],"about":[{"href":"https:\/\/unitreorvieto.it\/index.php?rest_route=\/wp\/v2\/types\/post"}],"author":[{"embeddable":true,"href":"https:\/\/unitreorvieto.it\/index.php?rest_route=\/wp\/v2\/users\/5"}],"replies":[{"embeddable":true,"href":"https:\/\/unitreorvieto.it\/index.php?rest_route=%2Fwp%2Fv2%2Fcomments&post=3475"}],"version-history":[{"count":2,"href":"https:\/\/unitreorvieto.it\/index.php?rest_route=\/wp\/v2\/posts\/3475\/revisions"}],"predecessor-version":[{"id":3478,"href":"https:\/\/unitreorvieto.it\/index.php?rest_route=\/wp\/v2\/posts\/3475\/revisions\/3478"}],"wp:featuredmedia":[{"embeddable":true,"href":"https:\/\/unitreorvieto.it\/index.php?rest_route=\/wp\/v2\/media\/987"}],"wp:attachment":[{"href":"https:\/\/unitreorvieto.it\/index.php?rest_route=%2Fwp%2Fv2%2Fmedia&parent=3475"}],"wp:term":[{"taxonomy":"category","embeddable":true,"href":"https:\/\/unitreorvieto.it\/index.php?rest_route=%2Fwp%2Fv2%2Fcategories&post=3475"},{"taxonomy":"post_tag","embeddable":true,"href":"https:\/\/unitreorvieto.it\/index.php?rest_route=%2Fwp%2Fv2%2Ftags&post=3475"}],"curies":[{"name":"wp","href":"https:\/\/api.w.org\/{rel}","templated":true}]}}