{"id":3536,"date":"2026-05-02T06:56:54","date_gmt":"2026-05-02T05:56:54","guid":{"rendered":"https:\/\/unitreorvieto.it\/?p=3536"},"modified":"2026-05-02T06:57:26","modified_gmt":"2026-05-02T05:57:26","slug":"un-maggio-2026-infinito-allunitre","status":"publish","type":"post","link":"https:\/\/unitreorvieto.it\/?p=3536","title":{"rendered":"UN MAGGIO 2026 INFINITO, ALL\u2019UNITRE"},"content":{"rendered":"\n<center><div class=\"_df_thumb \" id=\"df_3547\"  _slug=\"programma-maggio-2026\" data-title=\"programma-maggio-2026\" wpoptions=\"true\" thumb=\"https:\/\/unitreorvieto.it\/wp-content\/uploads\/2026\/05\/Maggio-2026-col-scaled.jpg\" thumbtype=\"\" >Programma maggio 2026<\/div><script class=\"df-shortcode-script\" nowprocket type=\"application\/javascript\">window.option_df_3547 = {\"outline\":[],\"viewerType\":\"reader\",\"autoEnableOutline\":\"false\",\"autoEnableThumbnail\":\"false\",\"overwritePDFOutline\":\"false\",\"enableDownload\":\"true\",\"direction\":\"1\",\"pageSize\":\"0\",\"soundEnable\":\"false\",\"source\":\"https:\\\/\\\/unitreorvieto.it\\\/wp-content\\\/uploads\\\/2026\\\/05\\\/Maggio-2026-col.pdf\",\"wpOptions\":\"true\"}; if(window.DFLIP && window.DFLIP.parseBooks){window.DFLIP.parseBooks();}<\/script><\/center>\n\n\n<p><img decoding=\"async\" title=\"\" src=\"https:\/\/unitreorvieto.ddev.site\/wp-content\/plugins\/elementor\/assets\/images\/placeholder.png\" alt=\"\" \/>Per l\u2019ultimo mese di attivit\u00e0 dell\u2019Anno Accademico 2025\/2026, l\u2019<strong>UNITRE &#8211; Universit\u00e0 delle Tre Et\u00e0 <\/strong>di Orvieto ha approntato un calendario rigoglioso come non mai: ben pi\u00f9 di 100 ore di programmazione complessiva!<\/p>\n<p>Le numerose attivit\u00e0 ancora in programma concluderanno i vari cicli di lezioni ed incontri previsti: <strong>Ascolto Musicale<\/strong> (Riccardo Cambri), <strong>Pittura ed Arti Visive<\/strong> (Donato Catamo), <strong>Lettura Emozionale<\/strong> (Gianluca Foresi),<strong> Fotografia <\/strong>(Roberta Cotigni e Noemi Morelli),<strong> Patchwork<\/strong> (Patrizia Menghi),<strong> Lingua Inglese<\/strong> (Carmelo Vecchio), <strong>Lingua Spagnola<\/strong> (Maria Cristina Villalonga), <strong>Rieducazione Posturale<\/strong> e <strong>Attivit\u00e0 Fisica Adattata<\/strong> (Michelangelo Di Bartolomeo), <strong>Attivit\u00e0 in Acqua<\/strong> (Valentina Crosta e Maria Consuelo Lupi), <strong>Acqua Postural<\/strong> (Maria Consuelo Lupi), <strong>Yoga Posturale<\/strong> (Cristina Caporali), <strong>Orvieto Cammina<\/strong> (UISP Orvieto Medio Tevere).<\/p>\n<p>Il progetto di formazione digitale gratuita <strong>On Point<\/strong>, curato dalla <strong>Fondazione Centro Studi Citt\u00e0 di Orvieto<\/strong>, proporr\u00e0 gli ultimi tre approfondimenti: <strong>Conservare in sicurezza foto e ricordi digitali<\/strong>, <strong>AI Bugiarda: riconoscere foto e video fake<\/strong>, <strong>Realizzare Video per Social e Web<\/strong>.<\/p>\n<p>C\u2019\u00e8 spazio anche per una graditissima novit\u00e0: il consolidato Laboratorio <strong>Drammatica Grammatica<\/strong>, condotto dalla Professoressa Francesca Compagnucci, quest\u2019anno avr\u00e0 per titolo \u201cNello stile di\u2026\u201d e si occuper\u00e0 di analizzare alcuni aspetti stilistici di due giganti della letteratura: Alessandro Manzoni e Giacomo Leopardi; primo incontro Marted\u00ec 5 Maggio, alle ore 16:30, presso la Sede di Palazzo Simoncelli.<\/p>\n<p>Gli eventi di fine Anno Accademico, insieme alla nutrita serie di iniziative organizzate in collaborazione con il <strong>Comitato Cittadino dei Quartieri<\/strong> per l\u2019imminente manifestazione <strong>\u201cOrvieto in Fiore 2026\u201d<\/strong>, sono di seguito dettagliati:<\/p>\n<p><strong><u>GIOVED\u00cc 7<\/u><\/strong><strong> (ore 17) <\/strong>&#8211; Museo Emilio Greco (Piazza Duomo), Orvieto<br \/><em>(ciclo \u201cVisioni Letterarie\u201d)<br \/><\/em>Presentazione del libro di poesie <strong>\u201cEPILOGHI\u201d<\/strong> di <strong>Evaristo Seghetta Andreoli<\/strong> (InternoPoesia Editore)<br \/><em>dialogano con l\u2019Autore: <strong>Tiziana Petrocelli<\/strong> e <strong>Franco Raimondo Barbabella<br \/><\/strong><\/em><em>letture a cura di <strong>Alberto Romizi<\/strong>; intermezzi musicali a cura di <strong>Patrizio Dominici<\/strong><\/em><\/p>\n<p><strong><u>SABATO 9<\/u><\/strong><strong> (ore 18) <\/strong>&#8211; Museo Emilio Greco (Piazza Duomo), Orvieto<br \/><em>(ciclo \u201cVisioni Letterarie\u201d)<br \/><\/em>Presentazione del libro <strong>\u201cALCIDE DE GASPERI &#8211; Rivoluzione Riforme Libert\u00e0\u201d <\/strong>di <strong>Igino Giordani<\/strong> (Edizioni Studium)<br \/><em>con <strong>Giuseppe Fioroni<\/strong>, Vice Presidente Istituto Toniolo, e <strong>Lucio D\u2019Ubaldo<\/strong>, curatore della nuova edizione della biografia<br \/><\/em><em>saluti: <strong>Andrea Taddei<\/strong> (Presidente OPSM) e <strong>Riccardo Cambri <\/strong>(Presidente UNITRE Orvieto)<br \/><\/em><em>contributi di <strong>Stefano Mocio<\/strong>, <strong>Angelo Palmieri<\/strong>, <strong>Nicola Pepe<\/strong>; modera <strong>Gabriele Anselmi<\/strong><\/em><\/p>\n<p><em>\u00a0<\/em><strong><u>LUNED\u00cc 18<\/u><\/strong><strong> (ore 18) <\/strong>&#8211; Sede Unitre (Piazza del Popolo), Orvieto<br \/><strong>\u201cARCIPELAGO PASOLINI\u201d<br \/><\/strong><em>Lettura Aperta a cura del Laboratorio UNITRE di <strong>Lettura Emozionale<\/strong>, docente M\u00b0 <strong>Gianluca Foresi<br \/><\/strong><\/em><em>con la partecipazione di giovani Allievi della Classe di <strong>Pianoforte<\/strong> del M\u00b0 <strong>Riccardo Cambri <\/strong>(Scuola Comunale di Musica \u201cA. Casasole\u201d di Orvieto)<\/em><\/p>\n<p><strong><em>UNITRE Orvieto <\/em><\/strong><em>per <strong>Orvieto in Fiore 2026<\/strong><\/em><\/p>\n<p><em>(in collaborazione con <strong>Comitato Cittadino dei Quartieri di Orvieto<\/strong>)<br \/><\/em><strong><u>GIOVED\u00cc 21<\/u><\/strong><strong> (ore 16) <\/strong>&#8211; Corso Cavour 36, Orvieto<br \/>Tesori dell\u2019urbe: <strong>\u201cI TESORI DI PALAZZO BISENZI\u201d<br \/><\/strong><em>Visita guidata a cura dell\u2019Arch. <strong>Raffaele Davanzo<\/strong><\/em><\/p>\n<p><em>in collaborazione con <strong>Scuola Comunale di Musica \u201cA. Casasole\u201d di Orvieto<br \/><\/strong><\/em><strong style=\"font-size: revert; color: initial;\"><u>GIOVED\u00cc 21<\/u><\/strong><strong style=\"font-size: revert; color: initial;\"> (ore 17:30) <\/strong><span style=\"font-size: revert; color: initial;\">&#8211; Sala Unit\u00e0 d\u2019Italia (Palazzo Comunale), Orvieto<br \/><\/span><strong>\u201cI FIORI MUSICALI DI ORVIETO\u201d<br \/><\/strong><em>Note gioiose dei giovanissimi Allievi della Classe di <strong>Pianoforte<\/strong> del M\u00b0 <strong>Riccardo Cambri <\/strong><\/em><\/p>\n<p><strong><u>VENERD\u00cc 22<\/u><\/strong><strong> (dalle ore 15:30) <\/strong>&#8211; Atrio del Palazzo dei Sette, Orvieto<br \/><strong>PITTURA E POESIA \u201cEN PLEIN AIR\u201d<br \/><\/strong><em>Le Allieve e gli Allievi dei Laboratori UNITRE di <strong>Pittura e Arti Visive <\/strong>e <strong>Grammatica-Letteratura <\/strong>all\u2019opera, sotto la guida dei docenti <strong>Donato Catamo <\/strong>e <strong>Francesca Compagnucci<br \/><\/strong><\/em><em>a cura dell\u2019<strong>Associazione Majorana Trekking <\/strong><\/em><\/p>\n<p><strong><u>SABATO 23<\/u><\/strong><strong> (dalle ore 9) <\/strong>&#8211; Centro Storico, Orvieto<br \/><strong>\u201cPASSEGGIATA TRA LE INFIORATE E I GIARDINI NASCOSTI DI ORVIETO\u201d<br \/><\/strong><em>in collaborazione con il Laboratorio UNITRE di <strong>Fotografia<\/strong> (docenti <strong>Roberta Cotigni <\/strong>e <strong>Noemi Morelli<\/strong>)<br \/><\/em><em>in collaborazione con <strong>Fondazione per il Museo \u201cClaudio Faina&#8221; <\/strong>e <strong>Opera del Duomo di Orvieto<\/strong><\/em><\/p>\n<p><strong><u>SABATO 23<\/u><\/strong><strong> (ore 11) &#8211; <\/strong>Giardino del Museo \u201cClaudio Faina\u201d (Piazza Duomo), Orvieto<br \/><strong>ALDA MERINI. LA MIGLIOR VENDETTA? LA FELICIT\u00c0<br \/><\/strong><em>Divagazioni mattutine e assennate di <strong>Guido Barlozzetti<br \/><\/strong><\/em><em>Riflessioni assonnate, alla fisarmonica, di <strong>Riccardo Cambri<\/strong><\/em><\/p>\n<p><em>in collaborazione con <strong>Scuola Comunale di Musica \u201cAdriano Casasole\u201d<\/strong> e <strong>ISAO<br \/><\/strong><\/em><em>(INSIEME &#8211; Nel Segno della Musica)<br \/><\/em><strong><u>DOMENICA 24<\/u><\/strong><strong> (ore 21) <\/strong>&#8211; Ridotto del Teatro Mancinelli, Orvieto<br \/><strong>\u201cABBA Emotions\u201d<\/strong><\/p>","protected":false},"excerpt":{"rendered":"<p>Per l\u2019ultimo mese di attivit\u00e0 dell\u2019Anno Accademico 2025\/2026, l\u2019UNITRE &#8211; Universit\u00e0 delle Tre Et\u00e0 di Orvieto ha approntato un calendario rigoglioso come non mai: ben pi\u00f9 di 100 ore di programmazione complessiva.<\/p>\n","protected":false},"author":5,"featured_media":987,"comment_status":"closed","ping_status":"closed","sticky":false,"template":"","format":"standard","meta":{"om_disable_all_campaigns":false,"_monsterinsights_skip_tracking":false,"_monsterinsights_sitenote_active":false,"_monsterinsights_sitenote_note":"","_monsterinsights_sitenote_category":0,"footnotes":""},"categories":[4],"tags":[],"class_list":["post-3536","post","type-post","status-publish","format-standard","has-post-thumbnail","hentry","category-eventi-e-conferenze"],"aioseo_notices":[],"_links":{"self":[{"href":"https:\/\/unitreorvieto.it\/index.php?rest_route=\/wp\/v2\/posts\/3536","targetHints":{"allow":["GET"]}}],"collection":[{"href":"https:\/\/unitreorvieto.it\/index.php?rest_route=\/wp\/v2\/posts"}],"about":[{"href":"https:\/\/unitreorvieto.it\/index.php?rest_route=\/wp\/v2\/types\/post"}],"author":[{"embeddable":true,"href":"https:\/\/unitreorvieto.it\/index.php?rest_route=\/wp\/v2\/users\/5"}],"replies":[{"embeddable":true,"href":"https:\/\/unitreorvieto.it\/index.php?rest_route=%2Fwp%2Fv2%2Fcomments&post=3536"}],"version-history":[{"count":11,"href":"https:\/\/unitreorvieto.it\/index.php?rest_route=\/wp\/v2\/posts\/3536\/revisions"}],"predecessor-version":[{"id":3554,"href":"https:\/\/unitreorvieto.it\/index.php?rest_route=\/wp\/v2\/posts\/3536\/revisions\/3554"}],"wp:featuredmedia":[{"embeddable":true,"href":"https:\/\/unitreorvieto.it\/index.php?rest_route=\/wp\/v2\/media\/987"}],"wp:attachment":[{"href":"https:\/\/unitreorvieto.it\/index.php?rest_route=%2Fwp%2Fv2%2Fmedia&parent=3536"}],"wp:term":[{"taxonomy":"category","embeddable":true,"href":"https:\/\/unitreorvieto.it\/index.php?rest_route=%2Fwp%2Fv2%2Fcategories&post=3536"},{"taxonomy":"post_tag","embeddable":true,"href":"https:\/\/unitreorvieto.it\/index.php?rest_route=%2Fwp%2Fv2%2Ftags&post=3536"}],"curies":[{"name":"wp","href":"https:\/\/api.w.org\/{rel}","templated":true}]}}