{"id":3708,"date":"2026-09-01T09:08:24","date_gmt":"2026-09-01T08:08:24","guid":{"rendered":"https:\/\/unitreorvieto.it\/?p=3708"},"modified":"2026-09-01T09:08:24","modified_gmt":"2026-09-01T08:08:24","slug":"affascinante-anteprima-del-nuovo-anno-accademico-lunitre-presenta-lultimo-libro-di-giuseppe-m-della-fina","status":"publish","type":"post","link":"https:\/\/unitreorvieto.it\/?p=3708","title":{"rendered":"AFFASCINANTE ANTEPRIMA DEL NUOVO ANNO ACCADEMICO: L\u2019UNITRE PRESENTA L\u2019ULTIMO LIBRO DI GIUSEPPE M. DELLA FINA"},"content":{"rendered":"\n<p class=\"wp-block-paragraph\">Il 36\u00b0 Anno Accademico dell\u2019<strong>Universit\u00e0 delle Tre Et\u00e0 di Orvieto<\/strong>, il cui avvio ufficiale \u00e8 previsto per i primi di Ottobre, vedr\u00e0 &#8211; nel mese di Settembre &#8211; due inaspettati quanto graditi <em>preludi letterari<\/em> di straordinario interesse.<\/p>\n\n\n\n<p class=\"wp-block-paragraph\">Il primo avr\u00e0 luogo <strong>Venerd\u00ec 11 Settembre<\/strong> 2026 alle <strong>ore 17<\/strong>; il prestigioso <strong>Museo \u201cEmilio Greco\u201d<\/strong> di Orvieto (in Piazza Duomo) accoglier\u00e0 l\u2019Archeologo <strong>Giuseppe M. Della Fina<\/strong> che presenter\u00e0 il suo ultimo lavoro: <strong>\u201cUn viaggio letterario in Etruria e nell\u2019Italia antica\u201d<\/strong>, edito da Officina Libraria.<\/p>\n\n\n\n<p class=\"wp-block-paragraph\">Si tratta di una raccolta, originale e intrigante, che riunisce articoli scritti inizialmente per \u201cIl Giornale dell\u2019Arte\u201d e che illustrano l\u2019Etruria e la prima Italia in una prospettiva nuova guardando anche alla letteratura.&nbsp;<\/p>\n\n\n\n<p class=\"wp-block-paragraph\">Un intero capitolo \u00e8 dedicato al racconto di una settimana trascorsa sul cantiere di scavo di Campo della Fiera.<\/p>\n\n\n\n<p class=\"wp-block-paragraph\">Durante l\u2019evento, ascritto alla rassegna aperiodica UNITRE <em>Visioni Letterarie<\/em>, dialogheranno con l\u2019Autore la Prof.ssa <strong>Simonetta Stopponi<\/strong>, gi\u00e0 Universit\u00e0 degli Studi di Perugia, e il Dott. <strong>Guido Barlozzetti<\/strong>, scrittore.<\/p>\n\n\n\n<p class=\"wp-block-paragraph\">Ingresso libero sino ad esaurimento posti.<\/p>\n\n\n\n<p class=\"wp-block-paragraph\"><em>\u201cPer l\u2019UNITRE \u00e8 un grande onore poter accogliere un appuntamento di cos\u00ec alto profilo come la presentazione di un lavoro letterario del Prof. Della Fina\u201d<\/em>, afferma il Presidente M\u00b0 Riccardo Cambri. <em>\u201cLa sua profonda cultura \u00e8 ammirata e stimata dai custodi e dai cultori della Storia Antica; il trio che comporr\u00e0 con la Professoressa Stopponi e lo scrittore Barlozzetti &#8211; approfitto per ringraziare entrambi della brillante presenza &#8211; si preannuncia imperdibile. A nome dell\u2019UNITRE porgo all\u2019Ing. Andrea Taddei, Presidente dell\u2019Opera del Duomo, sentita gratitudine per l\u2019ospitalit\u00e0 presso il Museo Greco\u201d.<\/em><\/p>\n","protected":false},"excerpt":{"rendered":"<p>Il 36\u00b0 Anno Accademico dell\u2019Universit\u00e0 delle Tre Et\u00e0 di Orvieto, il cui avvio ufficiale \u00e8 previsto per i primi di Ottobre, vedr\u00e0 &#8211; nel mese di Settembre &#8211; due inaspettati quanto graditi preludi letterari di straordinario interesse. Il primo avr\u00e0 luogo Venerd\u00ec 11 Settembre 2026 alle ore 17; il prestigioso Museo \u201cEmilio Greco\u201d di Orvieto&hellip;<\/p>\n","protected":false},"author":5,"featured_media":3712,"comment_status":"closed","ping_status":"closed","sticky":false,"template":"","format":"standard","meta":{"_monsterinsights_skip_tracking":false,"footnotes":""},"categories":[4],"tags":[],"class_list":["post-3708","post","type-post","status-publish","format-standard","has-post-thumbnail","hentry","category-eventi-e-conferenze"],"_links":{"self":[{"href":"https:\/\/unitreorvieto.it\/index.php?rest_route=\/wp\/v2\/posts\/3708","targetHints":{"allow":["GET"]}}],"collection":[{"href":"https:\/\/unitreorvieto.it\/index.php?rest_route=\/wp\/v2\/posts"}],"about":[{"href":"https:\/\/unitreorvieto.it\/index.php?rest_route=\/wp\/v2\/types\/post"}],"author":[{"embeddable":true,"href":"https:\/\/unitreorvieto.it\/index.php?rest_route=\/wp\/v2\/users\/5"}],"replies":[{"embeddable":true,"href":"https:\/\/unitreorvieto.it\/index.php?rest_route=%2Fwp%2Fv2%2Fcomments&post=3708"}],"version-history":[{"count":1,"href":"https:\/\/unitreorvieto.it\/index.php?rest_route=\/wp\/v2\/posts\/3708\/revisions"}],"predecessor-version":[{"id":3713,"href":"https:\/\/unitreorvieto.it\/index.php?rest_route=\/wp\/v2\/posts\/3708\/revisions\/3713"}],"wp:featuredmedia":[{"embeddable":true,"href":"https:\/\/unitreorvieto.it\/index.php?rest_route=\/wp\/v2\/media\/3712"}],"wp:attachment":[{"href":"https:\/\/unitreorvieto.it\/index.php?rest_route=%2Fwp%2Fv2%2Fmedia&parent=3708"}],"wp:term":[{"taxonomy":"category","embeddable":true,"href":"https:\/\/unitreorvieto.it\/index.php?rest_route=%2Fwp%2Fv2%2Fcategories&post=3708"},{"taxonomy":"post_tag","embeddable":true,"href":"https:\/\/unitreorvieto.it\/index.php?rest_route=%2Fwp%2Fv2%2Ftags&post=3708"}],"curies":[{"name":"wp","href":"https:\/\/api.w.org\/{rel}","templated":true}]}}