{"id":493,"date":"2024-02-18T00:28:42","date_gmt":"2024-02-17T23:28:42","guid":{"rendered":"https:\/\/staging.unitreorvieto.it\/?p=493"},"modified":"2024-12-04T23:44:33","modified_gmt":"2024-12-04T21:44:33","slug":"il-tenente-colonnello-daniele-mocio-ospite-dellunitre-allauditorium-gioacchino-messina","status":"publish","type":"post","link":"https:\/\/unitreorvieto.it\/?p=493","title":{"rendered":"IL TENENTE COLONNELLO DANIELE MOCIO OSPITE DELL\u2019UNITRE ALL\u2019AUDITORIUM \u201cGIOACCHINO MESSINA\u201d"},"content":{"rendered":"<div class=\"wp-block-image\">\n<figure class=\"aligncenter size-large\"><img decoding=\"async\" src=\"https:\/\/staging.unitreorvieto.it\/wp-content\/uploads\/2024\/04\/METEOROLOGIA-724x1024.jpg\" alt=\"\" class=\"wp-image-494\"\/><\/figure>\n<\/div>\n\n<p><img decoding=\"async\" title=\"\" src=\"https:\/\/unitreorvieto.ddev.site\/wp-content\/plugins\/elementor\/assets\/images\/placeholder.png\" alt=\"\" \/>L\u2019<strong>UNITRE &#8211; Universit\u00e0 delle Tre Et\u00e0 di Orvieto<\/strong> inserisce nel calendario scientifico-culturale la <strong>Meteorologia<\/strong>, materia di innegabile interesse gi\u00e0 proposta con vivo successo negli scorsi Anni Accademici.<\/p>\n<p>Sabato 24 Febbraio 2024, alle <strong>ore 17<\/strong>, l\u2019<strong>Auditorium \u201cGioacchino Messina\u201d <\/strong>(in piazza Febei, 3) &#8211; gentilmente concesso dalla Fondazione Cassa di Risparmio di Orvieto &#8211; ospiter\u00e0 l\u2019incontro pubblico dal titolo <strong>\u201cMeteorologia: fra scienza e falsi miti\u201d<\/strong>.<\/p>\n<p>Di grande prestigio il relatore incaricato: il Tenente Colonnello <strong>Daniele Mocio<\/strong>, Aeronautica Militare Italiana, uno dei volti televisivi pi\u00f9 noti per quanto riguarda le previsioni meteo e gli approfondimenti climatici, storico amico dell\u2019Unitre di Orvieto con la quale ha collaborato varie volte nel recente passato.<\/p>\n<p>L\u2019imperdibile conferenza \u00e8 aperta all\u2019intera cittadinanza; di seguito la scheda descrittiva del tema che verr\u00e0 trattato.<\/p>\n<p>La meteorologia in generale e la previsione nello specifico rappresentano il metodo attraverso il quale assumere decisioni \u201cdelicate\u201d e non soltanto una mera definizione dello stato attuale e futuro dell\u2019atmosfera. Sapere che tempo far\u00e0 \u00e8 spesso sinonimo di curiosit\u00e0 se applicato alla vita di tutti i giorni; definire una previsione in funzione di comportamenti da adottare, siano essi di istituzioni e\/o di cittadini, \u00e8 ben altra cosa. \u00c8 la consapevolezza che ci\u00f2 che stiamo \u201cprevedendo\u201d riveste un ruolo fondamentale per chi \u00e8 chiamato a prendere decisioni: dal pilota che \u00e8 in procinto di compiere la propria missione fino ad arrivare alla Protezione Civile chiamata a definire un determinato impatto del tempo meteorologico sul territorio. Tutto questo attraverso lo studio e l\u2019esperienza adeguata messe al servizio della comunit\u00e0 con un linguaggio e procedure che siano s\u00ec scientifiche ma soprattutto fruibili dall\u2019utente finale. In tal senso la comunicazione riveste un ruolo fondamentale: comunicare in modo semplice e coerente rappresenta la sfida pi\u00f9 importante per chi, come il meteorologo sia \u201cscientifico\u201d che \u201cdivulgatore\u201d, si trovi a dover ricreare un linguaggio lineare che non \u00e8 sconosciuto ma che ormai si \u00e8 decisamente perso nel tempo anche a causa di un certo \u201cstile\u201d di fare meteorologia. A questo aggiungiamo che spesso ci\u00f2 che \u00e8 il risultato della tradizione popolare (proverbi, detti o similari) altro non \u00e8 che vera scienza, magari mascherata da un linguaggio non troppo ortodosso, e da quella forse dovremmo tutti ripartire per quanto in precedenza detto (il contadino, ad esempio, pu\u00f2 non sapere il nome esatto del vento che spira in un determinato giorno ma sa che quel vento pu\u00f2 portare \u201csicuramente\u201d allo sviluppo di eventi meteorologici futuri).<\/p>\n<p>Daniele Mocio<\/p>\n<p>\u00a0<\/p>\n<p><strong><em>Tenente Colonnello Daniele Mocio<\/em><\/strong><em> (Previsore Aeronautica Militare)<\/em><\/p>\n<p><em>In Aeronautica Militare da oltre 33 anni si definisce etrusco per le origini (padre rigorosamente e orgogliosamente orvietano e mamma viterbese) e ciociaro di adozione per aver vissuto per ben 21 anni in quel di Frosinone. Sposato con Elisa e pap\u00e0 di Maria Elena, il Tenente Colonnello Daniele Mocio ha maturato esperienze nel campo dell\u2019assistenza alla navigazione aerea nonch\u00e9 nel campo della meteorologia generale e sinottica, attivit\u00e0 queste ultime svolte sia presso il Centro Nazionale di Meteorologia e Climatologia Aeronautica sia presso il Quartier Generale della NATO in Bagnoli (NA). Inoltre, proprio in ambito internazionale, ha fornito il supporto alle operazioni aeree, navali e terrestri contribuendo alla creazione del criterio relativo agli \u201cimpatti meteorologici\u201d. Insegnante di meteorologia generale, sinottica e aeronautica presso gli istituti di formazione dell\u2019AM ha collaborato fino al 2018 con il Dipartimento Nazionale della Protezione Civile per l\u2019emissione di documenti sinottici ed avvisi meteorologici in ambito nazionale. Dal gennaio 2007 \u00e8 in servizio anche presso la RAI per la realizzazione e la conduzione di rubriche meteorologiche radio\/televisive (UnoMattina, Meteo1,2,3, MeteoRadio, Rainews e ulteriori partecipazioni saltuarie nelle trasmissioni di attualit\u00e0 e di cronaca della TV di Stato). Dal 2009 al 2013 \u00e8 stato \u201cprevisore\u201d inviato dalla Forza Armata in manifestazioni aeree sia nazionali che internazionali (volo a vela, volo acrobatico). Attualmente in servizio presso UGS (Ufficio Generale per lo Spazio dello Stato Maggiore Aeronautica) \u00e8 impiegato in qualit\u00e0 presso lo Stato Maggiore Aeronautica quale responsabile della Comunicazione e dell\u2019Informazione ed \u00e8 stato recentemente inviato quale Capo delegazione per la Comunicazione e la Pubblica Informazione per il volo suborbitale con Virgin Galactic che si \u00e8 tenuto lo scorso giugno presso Spaceport America nel deserto del New Mexico (USA).<\/em><\/p>\n\n","protected":false},"excerpt":{"rendered":"<p>L\u2019UNITRE &#8211; Universit\u00e0 delle Tre Et\u00e0 di Orvieto inserisce nel calendario scientifico-culturale la Meteorologia.<\/p>\n","protected":false},"author":5,"featured_media":987,"comment_status":"open","ping_status":"open","sticky":false,"template":"","format":"standard","meta":{"om_disable_all_campaigns":false,"_monsterinsights_skip_tracking":false,"_monsterinsights_sitenote_active":false,"_monsterinsights_sitenote_note":"","_monsterinsights_sitenote_category":0,"footnotes":""},"categories":[4],"tags":[],"class_list":["post-493","post","type-post","status-publish","format-standard","has-post-thumbnail","hentry","category-eventi-e-conferenze"],"aioseo_notices":[],"_links":{"self":[{"href":"https:\/\/unitreorvieto.it\/index.php?rest_route=\/wp\/v2\/posts\/493","targetHints":{"allow":["GET"]}}],"collection":[{"href":"https:\/\/unitreorvieto.it\/index.php?rest_route=\/wp\/v2\/posts"}],"about":[{"href":"https:\/\/unitreorvieto.it\/index.php?rest_route=\/wp\/v2\/types\/post"}],"author":[{"embeddable":true,"href":"https:\/\/unitreorvieto.it\/index.php?rest_route=\/wp\/v2\/users\/5"}],"replies":[{"embeddable":true,"href":"https:\/\/unitreorvieto.it\/index.php?rest_route=%2Fwp%2Fv2%2Fcomments&post=493"}],"version-history":[{"count":3,"href":"https:\/\/unitreorvieto.it\/index.php?rest_route=\/wp\/v2\/posts\/493\/revisions"}],"predecessor-version":[{"id":1649,"href":"https:\/\/unitreorvieto.it\/index.php?rest_route=\/wp\/v2\/posts\/493\/revisions\/1649"}],"wp:featuredmedia":[{"embeddable":true,"href":"https:\/\/unitreorvieto.it\/index.php?rest_route=\/wp\/v2\/media\/987"}],"wp:attachment":[{"href":"https:\/\/unitreorvieto.it\/index.php?rest_route=%2Fwp%2Fv2%2Fmedia&parent=493"}],"wp:term":[{"taxonomy":"category","embeddable":true,"href":"https:\/\/unitreorvieto.it\/index.php?rest_route=%2Fwp%2Fv2%2Fcategories&post=493"},{"taxonomy":"post_tag","embeddable":true,"href":"https:\/\/unitreorvieto.it\/index.php?rest_route=%2Fwp%2Fv2%2Ftags&post=493"}],"curies":[{"name":"wp","href":"https:\/\/api.w.org\/{rel}","templated":true}]}}