{"id":841,"date":"2024-05-02T09:51:25","date_gmt":"2024-05-02T07:51:25","guid":{"rendered":"https:\/\/unitreorvieto.it\/?p=841"},"modified":"2025-04-23T11:44:11","modified_gmt":"2025-04-23T10:44:11","slug":"unitre-orvieto-la-programmazione-di-maggio-2024-ultimo-mese-del-corrente-anno-accademico","status":"publish","type":"post","link":"https:\/\/unitreorvieto.it\/?p=841","title":{"rendered":"UNITRE ORVIETO: LA PROGRAMMAZIONE DI MAGGIO 2024, ULTIMO MESE DEL CORRENTE ANNO ACCADEMICO"},"content":{"rendered":"\n<p><\/p>\n\n\n\n<div class=\"wp-block-buttons is-content-justification-center is-layout-flex wp-container-core-buttons-is-layout-16018d1d wp-block-buttons-is-layout-flex\">\n<div class=\"wp-block-button is-style-outline is-style-outline--1\"><a class=\"wp-block-button__link has-white-color has-text-color has-background has-link-color has-text-align-center wp-element-button\" href=\"https:\/\/unitreorvieto.it\/wp-content\/uploads\/2024\/05\/maggio_2024_col.jpg\" style=\"background-color:#019154\" target=\"_blank\" rel=\"noreferrer noopener\"><strong>MAGGIO 2024<\/strong><\/a><\/div>\n<\/div>\n\n\n<p><img decoding=\"async\" title=\"\" src=\"https:\/\/unitreorvieto.ddev.site\/wp-content\/plugins\/elementor\/assets\/images\/placeholder.png\" alt=\"\" \/>L\u2019<strong>Unitre &#8211; Universit\u00e0 delle Tre Et\u00e0 di Orvieto<\/strong>\u00a0propone un\u00a0<strong>Maggio 2024<\/strong>\u00a0particolarmente intenso.<br \/>Ultimo mese del corrente Anno Accademico, vedr\u00e0 in programma tanti Corsi e Laboratori tuttora attivi (<em>Lettura Emozionale, Ascolto Musicale, Fotografia, Inglese, Patchwork, Pittura ed Arti Visive, Drammatica Grammatica, Informatica, Spagnolo, Rieducazione Funzionale, Attivit\u00e0 Fisica Adattata, Attivit\u00e0 in Acqua, Yoga Posturale<\/em>) e una sorprendente serie di eventi di fine anno curati dalle stesse classi (il programma generale \u00e8 scaricabile cliccando sul riquadro rosa posto in alto).<br \/>Alcune iniziative, ancora non completamente definite, non risultano in calendario ma saranno rese note quanto prima.<br \/>Di seguito l\u2019elenco di eventi e manifestazioni di pubblica partecipazione gi\u00e0 fissati:<\/p>\n<p><em>in collaborazione con Scuola Comunale di Musica \u201cAdriano Casasole\u201d di Orvieto e ISAO (INSIEME &#8211; Nel Segno della Musica)<\/em><br \/>DOMENICA 5 (ore 17) &#8211; Ridotto del Teatro Mancinelli, Orvieto<br \/><strong>\u201cMUSICA PER LA VITA\u201d<\/strong><br \/>incontro-concerto con il M\u00b0\u00a0<strong>Gabriele Falcioni<\/strong>\u00a0Corno<br \/>a cura del M\u00b0\u00a0<strong>Riccardo Cambri<\/strong>\u00a0Pianoforte<br \/>ingresso libero con prenotazione obbligatoria ai numeri\u00a0<strong>3392619440<\/strong>\u00a0e\u00a0<strong>3387323884<\/strong>\u00a0e alla email\u00a0<strong>musicaorvieto@gmail.com<\/strong><\/p>\n<p>MERCOLED\u00cc 8 (dalle ore 8) &#8211; Siena<br \/><strong>\u201cVISITA AGLI SPAZI MONUMENTALI DEL CENTRO STORICO SENESE\u201d<\/strong><br \/>con la guida del Prof.\u00a0<strong>Donato Catamo<\/strong><br \/>prenotazioni Sig.ra\u00a0<strong>Fabrizia Mencarelli<\/strong>, cell 3389514859<\/p>\n<p>GIOVED\u00cc 9 (ore 17) &#8211; Auditorium \u201cGioacchino Messina\u201d (Piazza Febei), Orvieto<br \/><em>nel 150\u00b0 anniversario della nascita dell\u2019eminente scienziato<\/em><br \/><strong>\u201cGUGLIELMO MARCONI &#8211; LA STORIA DELLE ONDE, OVVERO LE ONDE DELLA STORIA\u201d<\/strong><br \/>a cura del Prof.\u00a0<strong>Giuseppe De Ninno<\/strong>\u00a0(fisico, docente presso IIS Majorana-Maitani di Orvieto)<\/p>\n<p><em>per Orvieto in Fiore 2024 e in collaborazione con il Comitato Cittadino dei Quartieri:<\/em><br \/>VENERD\u00cc 17 (ore 11) &#8211; Chiesa di Sant\u2019Andrea, Orvieto<br \/>Presentazione del pannello\u00a0<strong>\u201cVOLI DI PACE\u201d<\/strong><br \/>Laboratorio di Patchwork, docente\u00a0<strong>Patrizia Menghi<\/strong><\/p>\n<p>VENERD\u00cc 17 (ore 17:15) &#8211; Sala Unit\u00e0 d\u2019Italia (Palazzo Comunale), Orvieto<br \/><strong>\u201cI FIORI MUSICALI DI ORVIETO\u201d<\/strong><br \/>Note gioiose dei giovani allievi pianisti del M\u00b0\u00a0<strong>Riccardo Cambri<br \/><\/strong><em>in collaborazione con Scuola Comunale di Musica &#8220;Adriano Casasole&#8221; di Orvieto<\/em><\/p>\n<p>SABATO 18 (ore 10:30) &#8211; Giardino di Palazzo Sanvitani (via Cavallotti 39), Orvieto<br \/><strong>\u201cGIACOMO LEOPARDI, FIORI RARI\u201d<\/strong><br \/>Divagazioni mattutine e assennate di\u00a0<strong>Guido Barlozzetti<\/strong><br \/>Intermezzi musicali e assonnati, alla fisarmonica, di\u00a0<strong>Riccardo Cambri<\/strong><br \/><em>in collaborazione con Opera del Duomo di Orvieto<\/em><\/p>\n<p>MERCOLED\u00cc 22 (ore 21:15) &#8211; Teatro del Carmine, Orvieto<br \/><strong>SPETTACOLO di fine Anno Accademico<\/strong><br \/>Laboratorio di Lettura Emozionale, docente\u00a0<strong>Gianluca Foresi<\/strong><\/p>\n<p>La segreteria Unitre (Piazza del Popolo 17, Orvieto) \u00e8 aperta nei giorni di Mercoled\u00ec e Gioved\u00ec dalle 10:30 alle 12; per mettersi in contatto con l\u2019associazione:\u00a0<em>email<\/em>\u00a0<strong>uni3-orvieto@alice.it<\/strong>\u00a0&#8211;<em>\u00a0tel<\/em>\u00a0<strong>0763342234<\/strong>\u00a0&#8211;\u00a0<em>cell<\/em>\u00a0<strong>3387323884<\/strong>.<\/p>","protected":false},"excerpt":{"rendered":"<p>L\u2019Unitre &#8211; Universit\u00e0 delle Tre Et\u00e0 di Orvieto\u00a0propone un\u00a0Maggio 2024\u00a0particolarmente intenso.<\/p>\n","protected":false},"author":5,"featured_media":987,"comment_status":"closed","ping_status":"closed","sticky":false,"template":"","format":"standard","meta":{"om_disable_all_campaigns":false,"_monsterinsights_skip_tracking":false,"_monsterinsights_sitenote_active":false,"_monsterinsights_sitenote_note":"","_monsterinsights_sitenote_category":0,"footnotes":""},"categories":[3],"tags":[],"class_list":["post-841","post","type-post","status-publish","format-standard","has-post-thumbnail","hentry","category-avvisi-e-comunicazioni"],"aioseo_notices":[],"_links":{"self":[{"href":"https:\/\/unitreorvieto.it\/index.php?rest_route=\/wp\/v2\/posts\/841","targetHints":{"allow":["GET"]}}],"collection":[{"href":"https:\/\/unitreorvieto.it\/index.php?rest_route=\/wp\/v2\/posts"}],"about":[{"href":"https:\/\/unitreorvieto.it\/index.php?rest_route=\/wp\/v2\/types\/post"}],"author":[{"embeddable":true,"href":"https:\/\/unitreorvieto.it\/index.php?rest_route=\/wp\/v2\/users\/5"}],"replies":[{"embeddable":true,"href":"https:\/\/unitreorvieto.it\/index.php?rest_route=%2Fwp%2Fv2%2Fcomments&post=841"}],"version-history":[{"count":2,"href":"https:\/\/unitreorvieto.it\/index.php?rest_route=\/wp\/v2\/posts\/841\/revisions"}],"predecessor-version":[{"id":846,"href":"https:\/\/unitreorvieto.it\/index.php?rest_route=\/wp\/v2\/posts\/841\/revisions\/846"}],"wp:featuredmedia":[{"embeddable":true,"href":"https:\/\/unitreorvieto.it\/index.php?rest_route=\/wp\/v2\/media\/987"}],"wp:attachment":[{"href":"https:\/\/unitreorvieto.it\/index.php?rest_route=%2Fwp%2Fv2%2Fmedia&parent=841"}],"wp:term":[{"taxonomy":"category","embeddable":true,"href":"https:\/\/unitreorvieto.it\/index.php?rest_route=%2Fwp%2Fv2%2Fcategories&post=841"},{"taxonomy":"post_tag","embeddable":true,"href":"https:\/\/unitreorvieto.it\/index.php?rest_route=%2Fwp%2Fv2%2Ftags&post=841"}],"curies":[{"name":"wp","href":"https:\/\/api.w.org\/{rel}","templated":true}]}}